{"id":17976,"date":"2025-04-10T15:36:07","date_gmt":"2025-04-10T15:36:07","guid":{"rendered":"https:\/\/haberbesiktas.tr\/?p=17976"},"modified":"2025-04-10T15:36:07","modified_gmt":"2025-04-10T15:36:07","slug":"fatih-tekkeden-trabzonspor-sorusuna-cevap","status":"publish","type":"post","link":"https:\/\/haberbesiktas.tr\/?p=17976","title":{"rendered":"Fatih Tekke&#8217;den Trabzonspor sorusuna cevap"},"content":{"rendered":"<div>Teknik y\u00f6netici Fatih Tekke, T\u00fcrk futbolunda sorunun futbol \u00fczerinden de\u011fil, \u015fah\u0131slar \u00fczerinden tan\u0131mlanmas\u0131 gerekti\u011fini s\u00f6yledi.<\/p>\n<p> Tekke, Ak\u00e7aabat Belediyesince Erol G\u00fcnayd\u0131n Sanat Merkezi&#8217;nde d\u00fczenlenen s\u00f6yle\u015fide, futbol oynad\u0131\u011f\u0131 periyoda ili\u015fkin birtak\u0131m an\u0131lar\u0131n\u0131 payla\u015ft\u0131, gen\u00e7lere tavsiyelerde bulundu.<\/p>\n<p> Futbolda ya\u015fanan sorunlara i\u015faret eden Tekke, <strong>&#8220;T\u00fcrk futbolundaki kaosun bitece\u011fini d\u00fc\u015f\u00fcnm\u00fcyorum. T\u00fcrk futbolunda sorun futbolun \u00fczerinden tan\u0131mlanmamal\u0131, bireyler \u00fczerinden tan\u0131mlanmal\u0131.&#8221;<\/strong> dedi.<\/p>\n<p> Tekke, \u00fclkede futbol ikliminin d\u00fczg\u00fcn olmad\u0131\u011f\u0131n\u0131 savunarak,<strong> &#8220;\u00dclke ikliminde futbol konu\u015fulacak bir ortam yok. Futbol bizim \u00fclkede oynanm\u0131yor. Ne demek istiyorum onu da a\u00e7ay\u0131m. Ta\u00e7, duran top, \u00f6n alan bask\u0131s\u0131, hareket bi\u00e7iminden bir nizam\u0131m\u0131z, tertibimiz yok.&#8221;<\/strong> diye konu\u015ftu.<\/p>\n<p> Fatih Tekke,<strong> &#8220;Trabzonspor&#8217;un teknik y\u00f6neticisi olmay\u0131 d\u00fc\u015f\u00fcn\u00fcyor musunuz?&#8221;<\/strong> sorusuna,<strong> &#8220;10 y\u0131ld\u0131r teknik y\u00f6neticilik yapmaya \u00e7al\u0131\u015f\u0131yorum. Bana nazaran bunun 5 y\u0131l\u0131 ba\u015far\u0131l\u0131. Tak\u0131m\u0131mla birlikte eksiklerimiz olmas\u0131na kar\u015f\u0131n d\u00fcnyada \u0130ngiltere ligi belki, her kul\u00fcb\u00fc \u00e7al\u0131\u015ft\u0131rabilecek tecr\u00fcbemiz oldu diye d\u00fc\u015f\u00fcn\u00fcyorum.&#8221;<\/strong> kar\u015f\u0131l\u0131\u011f\u0131n\u0131 verdi.<\/p>\n<p> Yapt\u0131\u011f\u0131 i\u015fte en d\u00fczg\u00fcn\u00fc olmak i\u00e7in \u00e7ok \u00e7al\u0131\u015ft\u0131\u011f\u0131n\u0131 anlatan Tekke,<strong> &#8220;Buradan \u00e7ok \u00e2l\u00e2 teknik adamlar \u00e7\u0131kabilir k\u00e2fi ki takviye olun. Ben bu kente aitim ve bu kente d\u00f6nmek i\u00e7in her dakikam bunu d\u00fc\u015f\u00fcnerek ge\u00e7iyor.&#8221;<\/strong> tabirlerini kulland\u0131.<\/p>\n<p> Ak\u00e7aabat Belediye Ba\u015fkan\u0131 Osman Nuri Ekim, Fatih Tekke&#8217;ye te\u015fekk\u00fcr ederek mesle\u011finde muvaffakiyetler diledi.<\/p>\n<\/div>\n<p><\/p>\n","protected":false},"excerpt":{"rendered":"<p>Teknik y\u00f6netici Fatih Tekke, Ak\u00e7aabat Belediyesince Erol G\u00fcnayd\u0131n Sanat Merkezi&#8217;nde d\u00fczenlenen s\u00f6yle\u015fide a\u00e7\u0131klamalarda bulundu.<\/p>\n","protected":false},"author":1,"featured_media":17977,"comment_status":"open","ping_status":"open","sticky":false,"template":"","format":"standard","meta":{"footnotes":""},"categories":[25],"tags":[172,1860],"class_list":["post-17976","post","type-post","status-publish","format-standard","has-post-thumbnail","hentry","category-futbol","tag-futbol","tag-tekke"],"_links":{"self":[{"href":"https:\/\/haberbesiktas.tr\/index.php?rest_route=\/wp\/v2\/posts\/17976","targetHints":{"allow":["GET"]}}],"collection":[{"href":"https:\/\/haberbesiktas.tr\/index.php?rest_route=\/wp\/v2\/posts"}],"about":[{"href":"https:\/\/haberbesiktas.tr\/index.php?rest_route=\/wp\/v2\/types\/post"}],"author":[{"embeddable":true,"href":"https:\/\/haberbesiktas.tr\/index.php?rest_route=\/wp\/v2\/users\/1"}],"replies":[{"embeddable":true,"href":"https:\/\/haberbesiktas.tr\/index.php?rest_route=%2Fwp%2Fv2%2Fcomments&post=17976"}],"version-history":[{"count":1,"href":"https:\/\/haberbesiktas.tr\/index.php?rest_route=\/wp\/v2\/posts\/17976\/revisions"}],"predecessor-version":[{"id":17978,"href":"https:\/\/haberbesiktas.tr\/index.php?rest_route=\/wp\/v2\/posts\/17976\/revisions\/17978"}],"wp:featuredmedia":[{"embeddable":true,"href":"https:\/\/haberbesiktas.tr\/index.php?rest_route=\/wp\/v2\/media\/17977"}],"wp:attachment":[{"href":"https:\/\/haberbesiktas.tr\/index.php?rest_route=%2Fwp%2Fv2%2Fmedia&parent=17976"}],"wp:term":[{"taxonomy":"category","embeddable":true,"href":"https:\/\/haberbesiktas.tr\/index.php?rest_route=%2Fwp%2Fv2%2Fcategories&post=17976"},{"taxonomy":"post_tag","embeddable":true,"href":"https:\/\/haberbesiktas.tr\/index.php?rest_route=%2Fwp%2Fv2%2Ftags&post=17976"}],"curies":[{"name":"wp","href":"https:\/\/api.w.org\/{rel}","templated":true}]}}