{"id":17979,"date":"2025-04-10T15:48:07","date_gmt":"2025-04-10T15:48:07","guid":{"rendered":"https:\/\/haberbesiktas.tr\/?p=17979"},"modified":"2025-04-10T15:48:07","modified_gmt":"2025-04-10T15:48:07","slug":"servet-cetin-zemin-en-buyuk-sikintimiz","status":"publish","type":"post","link":"https:\/\/haberbesiktas.tr\/?p=17979","title":{"rendered":"Servet \u00c7etin: &#8220;Zemin en b\u00fcy\u00fck s\u0131k\u0131nt\u0131m\u0131z!&#8221;"},"content":{"rendered":"<div>Trendyol 1. Lig&#8217;in 24. haftas\u0131nda konuk etti\u011fi Teks\u00fct Band\u0131rmaspor&#8217;u 2-1 yenen Amed Sportif Faaliyetler&#8217;in teknik y\u00f6neticisi Servet \u00c7etin, &#8220;\u00c7ok k\u0131ymetli bir galibiyet ald\u0131k lakin ben Bolu ma\u00e7\u0131nda hangi oyuncular\u0131 oynat\u0131r\u0131m, onu d\u00fc\u015f\u00fcn\u00fcyorum. En b\u00fcy\u00fck problemimiz yer, insan s\u0131hhati art\u0131k.&#8221; dedi.<\/p>\n<p> \u00c7etin, ma\u00e7\u0131n akabinde d\u00fczenlenen bas\u0131n toplant\u0131s\u0131nda, son iki haftadaki ma\u00e7lar\u0131 y\u00f6neten hakemleri tebrik etti\u011fini belirterek, ma\u00e7lar\u0131 adil bir halde y\u00f6nettiklerini d\u00fc\u015f\u00fcnd\u00fc\u011f\u00fcn\u00fc s\u00f6yledi.<\/p>\n<p> Saha taban\u0131 ile ilgili sorun ya\u015fad\u0131klar\u0131n\u0131 lisana getiren \u00c7etin, kelamlar\u0131n\u0131 \u015f\u00f6yle s\u00fcrd\u00fcrd\u00fc:<\/p>\n<p> &#8220;Oyuncu sakatl\u0131klar\u0131ndan b\u0131kt\u0131k. Bu d\u00f6rd\u00fcnc\u00fc ma\u00e7 oluyor. Birinci yar\u0131da oyuncu de\u011fi\u015ftiriyoruz. Hakk\u0131m bitiyor. Oyuncu kalmad\u0131. \u00c7ok de\u011ferli bir galibiyet ald\u0131k fakat ben Bolu ma\u00e7\u0131nda hangi oyuncular\u0131 oynat\u0131r\u0131m, onu d\u00fc\u015f\u00fcn\u00fcyorum. En b\u00fcy\u00fck k\u00fclfetimiz taban, insan s\u0131hhati art\u0131k.&#8221;<\/p>\n<p> Servet \u00c7etin, kadroda vazifeye ba\u015flad\u0131\u011f\u0131 g\u00fcnden bu yana \u00e7e\u015fitli problemlerle kar\u015f\u0131la\u015ft\u0131klar\u0131na dikkati \u00e7ekerek, &#8220;Sahayla, transferlerle ve eksik tak\u0131mla u\u011fra\u015f\u0131yoruz. Morali bozulmu\u015f, \u00e7\u00f6km\u00fc\u015f bir kadrosu ald\u0131k, onu toparlamakla u\u011fra\u015f\u0131yoruz. Bug\u00fcn 3 puan alm\u0131\u015f\u0131z. Birtak\u0131m be\u015ferler farkl\u0131 farkl\u0131 yorumlar yap\u0131yorlar. Evvel \u015fu alan\u0131m\u0131z\u0131 d\u00fczeltmeye yard\u0131mc\u0131 olsunlar. \u0130nsan s\u0131hhati art\u0131k gidiyor, oyuncular\u0131 kaybediyoruz.&#8221; s\u00f6zlerini kulland\u0131.<\/p>\n<\/div>\n<p><\/p>\n","protected":false},"excerpt":{"rendered":"<p>Teks\u00fct Band\u0131rmaspor&#8217;u 2-1 yenen Amed Sportif Faaliyetler&#8217;in teknik y\u00f6neticisi Servet \u00c7etin, a\u00e7\u0131klamalarda bulundu.<\/p>\n","protected":false},"author":1,"featured_media":17980,"comment_status":"open","ping_status":"open","sticky":false,"template":"","format":"standard","meta":{"footnotes":""},"categories":[25],"tags":[50,49],"class_list":["post-17979","post","type-post","status-publish","format-standard","has-post-thumbnail","hentry","category-futbol","tag-mac","tag-oyuncu"],"_links":{"self":[{"href":"https:\/\/haberbesiktas.tr\/index.php?rest_route=\/wp\/v2\/posts\/17979","targetHints":{"allow":["GET"]}}],"collection":[{"href":"https:\/\/haberbesiktas.tr\/index.php?rest_route=\/wp\/v2\/posts"}],"about":[{"href":"https:\/\/haberbesiktas.tr\/index.php?rest_route=\/wp\/v2\/types\/post"}],"author":[{"embeddable":true,"href":"https:\/\/haberbesiktas.tr\/index.php?rest_route=\/wp\/v2\/users\/1"}],"replies":[{"embeddable":true,"href":"https:\/\/haberbesiktas.tr\/index.php?rest_route=%2Fwp%2Fv2%2Fcomments&post=17979"}],"version-history":[{"count":1,"href":"https:\/\/haberbesiktas.tr\/index.php?rest_route=\/wp\/v2\/posts\/17979\/revisions"}],"predecessor-version":[{"id":17981,"href":"https:\/\/haberbesiktas.tr\/index.php?rest_route=\/wp\/v2\/posts\/17979\/revisions\/17981"}],"wp:featuredmedia":[{"embeddable":true,"href":"https:\/\/haberbesiktas.tr\/index.php?rest_route=\/wp\/v2\/media\/17980"}],"wp:attachment":[{"href":"https:\/\/haberbesiktas.tr\/index.php?rest_route=%2Fwp%2Fv2%2Fmedia&parent=17979"}],"wp:term":[{"taxonomy":"category","embeddable":true,"href":"https:\/\/haberbesiktas.tr\/index.php?rest_route=%2Fwp%2Fv2%2Fcategories&post=17979"},{"taxonomy":"post_tag","embeddable":true,"href":"https:\/\/haberbesiktas.tr\/index.php?rest_route=%2Fwp%2Fv2%2Ftags&post=17979"}],"curies":[{"name":"wp","href":"https:\/\/api.w.org\/{rel}","templated":true}]}}