{"id":17982,"date":"2025-04-10T16:00:07","date_gmt":"2025-04-10T16:00:07","guid":{"rendered":"https:\/\/haberbesiktas.tr\/?p=17982"},"modified":"2025-04-10T16:00:07","modified_gmt":"2025-04-10T16:00:07","slug":"celtic-taraftarlarindan-israile-kirmizi-kart","status":"publish","type":"post","link":"https:\/\/haberbesiktas.tr\/?p=17982","title":{"rendered":"Celtic taraftarlar\u0131ndan \u0130srail&#8217;e &#8220;k\u0131rm\u0131z\u0131 kart&#8221;"},"content":{"rendered":"<div>\n<div> \u0130sko\u00e7ya tak\u0131m\u0131 Celtic&#8217;in taraftarlar\u0131, ekiplerinin UEFA \u015eampiyonlar Ligi&#8217;nde Bayern M\u00fcnih&#8217;i a\u011f\u0131rlad\u0131klar\u0131 ma\u00e7ta \u0130srail&#8217;in Filistin ve L\u00fcbnan&#8217;a y\u00f6nelik taarruzlar\u0131na reaksiyon g\u00f6sterdi.<\/p>\n<p> \u0130\u00e7 saha ma\u00e7lar\u0131nda statlar\u0131 Celtic Park&#8217;\u0131 adeta Filistin&#8217;e dayana\u011f\u0131n merkezi haline getiren taraftarlar, Bayern M\u00fcnih&#8217;i konuk ettikleri ma\u00e7ta da \u0130srail&#8217;i protestoya devam etti.<\/p>\n<p> Celtic, ma\u00e7ta Alman grubu Bayern M\u00fcnih&#8217;e 2-1 yenilirken, \u0130sko\u00e7 taraftarlar ekiplerine dayana\u011f\u0131n yan\u0131 s\u0131ra trib\u00fcnlerde Filistin bayraklar\u0131 a\u00e7arak \u0130srail&#8217;i protesto etti.<\/p>\n<p> Trib\u00fcnlerde yer alan bir pankartta, UEFA ve FIFA&#8217;ya &#8216;\u0130srail&#8217;e k\u0131rm\u0131z\u0131 kart g\u00f6sterilmesi&#8217; davetinde bulunan &#8220;Show Israel The Red Card&#8221; (\u0130srail&#8217;e k\u0131rm\u0131z\u0131 kart g\u00f6ster&#8221;) tabirlerine yer verildi.<\/p>\n<p> Daha evvel trib\u00fcnlerde Gazze&#8217;ye takviyelerinden \u00f6t\u00fcr\u00fc UEFA taraf\u0131ndan ceza verilen Celticli taraftarlar, geri ad\u0131m atmadan kararl\u0131 bir formda takviyesini s\u00fcrd\u00fcr\u00fcyor.<\/p>\n<p> Taraftarlar bundan evvel, kadrolar\u0131n\u0131n UEFA \u015eampiyonlar Ligi&#8217;nde i\u00e7 alanda Slovan Bratislava ile yapt\u0131\u011f\u0131 birinci ma\u00e7ta da trib\u00fcnlerde co\u015fkulu bir bi\u00e7imde Filistin&#8217;i desteklemi\u015fti. &#8220;Ye\u015fil Tugay&#8221; (Green Brigade) k\u00fcmesine \u00fcye Celtic taraftarlar\u0131, kar\u015f\u0131la\u015fma s\u0131ras\u0131nda trib\u00fcnde &#8220;Size zulmedebilirler, sizi hapsedebilirler fakat asla y\u00fcre\u011finizi k\u0131ramazlar. Gazze, Cenin, Tulkarm, Nablus, asla yaln\u0131z y\u00fcr\u00fcmeyeceksiniz.&#8221; yaz\u0131l\u0131 pankarta yer vermi\u015fti.<\/p>\n<p> \u0130srail&#8217;in Gazze \u015eeridi&#8217;ne 7 Ekim 2023&#8217;ten ate\u015fkesin y\u00fcr\u00fcrl\u00fc\u011fe girdi\u011fi 19 Ocak&#8217;a kadar s\u00fcrd\u00fcrd\u00fc\u011f\u00fc taarruzlar\u0131nda 14 binden fazlas\u0131 enkaz alt\u0131nda kaybolanlar olmak \u00fczere 61 binden fazla ki\u015fi hayat\u0131n\u0131 kaybetti.<\/p>\n<div>\u00a0<\/div>\n<\/p><\/div>\n<div>\u00a0<\/div>\n<\/div>\n<p><\/p>\n","protected":false},"excerpt":{"rendered":"<p>\u0130\u00e7 saha ma\u00e7lar\u0131nda statlar\u0131n\u0131 Filistin&#8217;e dayana\u011f\u0131n merkezi haline getiren Celtic taraftarlar\u0131, Bayern M\u00fcnih&#8217;i konuk ettikleri ma\u00e7ta da \u0130srail&#8217;i protestoya devam etti<\/p>\n","protected":false},"author":1,"featured_media":17983,"comment_status":"open","ping_status":"open","sticky":false,"template":"","format":"standard","meta":{"footnotes":""},"categories":[25],"tags":[1082,1591],"class_list":["post-17982","post","type-post","status-publish","format-standard","has-post-thumbnail","hentry","category-futbol","tag-celtic","tag-taraftarlar"],"_links":{"self":[{"href":"https:\/\/haberbesiktas.tr\/index.php?rest_route=\/wp\/v2\/posts\/17982","targetHints":{"allow":["GET"]}}],"collection":[{"href":"https:\/\/haberbesiktas.tr\/index.php?rest_route=\/wp\/v2\/posts"}],"about":[{"href":"https:\/\/haberbesiktas.tr\/index.php?rest_route=\/wp\/v2\/types\/post"}],"author":[{"embeddable":true,"href":"https:\/\/haberbesiktas.tr\/index.php?rest_route=\/wp\/v2\/users\/1"}],"replies":[{"embeddable":true,"href":"https:\/\/haberbesiktas.tr\/index.php?rest_route=%2Fwp%2Fv2%2Fcomments&post=17982"}],"version-history":[{"count":1,"href":"https:\/\/haberbesiktas.tr\/index.php?rest_route=\/wp\/v2\/posts\/17982\/revisions"}],"predecessor-version":[{"id":17984,"href":"https:\/\/haberbesiktas.tr\/index.php?rest_route=\/wp\/v2\/posts\/17982\/revisions\/17984"}],"wp:featuredmedia":[{"embeddable":true,"href":"https:\/\/haberbesiktas.tr\/index.php?rest_route=\/wp\/v2\/media\/17983"}],"wp:attachment":[{"href":"https:\/\/haberbesiktas.tr\/index.php?rest_route=%2Fwp%2Fv2%2Fmedia&parent=17982"}],"wp:term":[{"taxonomy":"category","embeddable":true,"href":"https:\/\/haberbesiktas.tr\/index.php?rest_route=%2Fwp%2Fv2%2Fcategories&post=17982"},{"taxonomy":"post_tag","embeddable":true,"href":"https:\/\/haberbesiktas.tr\/index.php?rest_route=%2Fwp%2Fv2%2Ftags&post=17982"}],"curies":[{"name":"wp","href":"https:\/\/api.w.org\/{rel}","templated":true}]}}