{"id":17985,"date":"2025-04-10T16:12:08","date_gmt":"2025-04-10T16:12:08","guid":{"rendered":"https:\/\/haberbesiktas.tr\/?p=17985"},"modified":"2025-04-10T16:12:08","modified_gmt":"2025-04-10T16:12:08","slug":"mustafa-gursel-zemin-duzelmeden-olmaz","status":"publish","type":"post","link":"https:\/\/haberbesiktas.tr\/?p=17985","title":{"rendered":"Mustafa G\u00fcrsel: &#8220;Zemin d\u00fczelmeden olmaz&#8221;"},"content":{"rendered":"<div>Teks\u00fct Band\u0131rmaspor Teknik Y\u00f6neticisi Mustafa G\u00fcrsel, 2-1 kaybettikleri Amedspor ma\u00e7\u0131n\u0131n akabinde Diyarbak\u0131r&#8217;da birinci sefer futbol oynad\u0131klar\u0131n\u0131 kaydetti.<\/p>\n<p> G\u00fcrsel, &#8220;Oyuncular\u0131m\u0131 tebrik ediyorum. Ellerinden gelen \u00e7abay\u0131 g\u00f6sterdiler. Buradan puanla d\u00f6nmemiz gerekiyordu. Yani bu \u00e7aban\u0131n sonunda 1 puan yahut 3 puan olmas\u0131 laz\u0131md\u0131, olmad\u0131. Lakin dedi\u011fim \u00fczere bu kurallar (saha zemini) d\u00fczelmedikten sonra futbol ismine fazla konu\u015fulacak bir \u015fey yok.&#8221; de\u011ferlendirmesinde bulundu.<\/p>\n<\/div>\n<p><\/p>\n","protected":false},"excerpt":{"rendered":"<p>Teks\u00fct Band\u0131rmaspor Teknik Y\u00f6neticisi Mustafa G\u00fcrsel, 2-1 kaybettikleri Amedspor ma\u00e7\u0131n\u0131n akabinde Diyarbak\u0131r&#8217;da birinci kere futbol oynad\u0131klar\u0131n\u0131 kaydetti.<\/p>\n","protected":false},"author":1,"featured_media":17986,"comment_status":"open","ping_status":"open","sticky":false,"template":"","format":"standard","meta":{"footnotes":""},"categories":[25],"tags":[],"class_list":["post-17985","post","type-post","status-publish","format-standard","has-post-thumbnail","hentry","category-futbol"],"_links":{"self":[{"href":"https:\/\/haberbesiktas.tr\/index.php?rest_route=\/wp\/v2\/posts\/17985","targetHints":{"allow":["GET"]}}],"collection":[{"href":"https:\/\/haberbesiktas.tr\/index.php?rest_route=\/wp\/v2\/posts"}],"about":[{"href":"https:\/\/haberbesiktas.tr\/index.php?rest_route=\/wp\/v2\/types\/post"}],"author":[{"embeddable":true,"href":"https:\/\/haberbesiktas.tr\/index.php?rest_route=\/wp\/v2\/users\/1"}],"replies":[{"embeddable":true,"href":"https:\/\/haberbesiktas.tr\/index.php?rest_route=%2Fwp%2Fv2%2Fcomments&post=17985"}],"version-history":[{"count":1,"href":"https:\/\/haberbesiktas.tr\/index.php?rest_route=\/wp\/v2\/posts\/17985\/revisions"}],"predecessor-version":[{"id":17987,"href":"https:\/\/haberbesiktas.tr\/index.php?rest_route=\/wp\/v2\/posts\/17985\/revisions\/17987"}],"wp:featuredmedia":[{"embeddable":true,"href":"https:\/\/haberbesiktas.tr\/index.php?rest_route=\/wp\/v2\/media\/17986"}],"wp:attachment":[{"href":"https:\/\/haberbesiktas.tr\/index.php?rest_route=%2Fwp%2Fv2%2Fmedia&parent=17985"}],"wp:term":[{"taxonomy":"category","embeddable":true,"href":"https:\/\/haberbesiktas.tr\/index.php?rest_route=%2Fwp%2Fv2%2Fcategories&post=17985"},{"taxonomy":"post_tag","embeddable":true,"href":"https:\/\/haberbesiktas.tr\/index.php?rest_route=%2Fwp%2Fv2%2Ftags&post=17985"}],"curies":[{"name":"wp","href":"https:\/\/api.w.org\/{rel}","templated":true}]}}