{"id":17991,"date":"2025-04-10T16:36:08","date_gmt":"2025-04-10T16:36:08","guid":{"rendered":"https:\/\/haberbesiktas.tr\/?p=17991"},"modified":"2025-04-10T16:36:08","modified_gmt":"2025-04-10T16:36:08","slug":"besiktasin-yeni-yildizina-ovgu-yagiyor","status":"publish","type":"post","link":"https:\/\/haberbesiktas.tr\/?p=17991","title":{"rendered":"Be\u015fikta\u015f&#8217;\u0131n yeni y\u0131ld\u0131z\u0131na \u00f6vg\u00fc ya\u011f\u0131yor!"},"content":{"rendered":"<div>Ekvadorlu gazeteci Gustavo Villacreses, Be\u015fikta\u015f&#8217;\u0131n yeni transferi Keny Arroyo hakk\u0131nda g\u00f6r\u00fc\u015flerini payla\u015ft\u0131.\u00a0<\/p>\n<p>Villacreses, Be\u015fikta\u015f&#8217;\u0131n yeni transferi Keny Arroyo&#8217;nun bilhassa sol kanatta tesirli oldu\u011funu ve gol atmay\u0131 da sevdi\u011fini s\u00f6yledi.\u00a0<\/p>\n<p>Villacreses, &#8220;H\u0131zl\u0131 bir oyuncu. Her iki kanatta da oynayabiliyor. Ancak bilhassa sol kanatta \u00e7ok tesirli. Be\u015fikta\u015f onu \u00f6n\u00fcm\u00fczdeki y\u0131llarda b\u00fcy\u00fck bonservis bedellerine satabilir&#8221; s\u00f6zlerini kulland\u0131.<\/p>\n<p><strong>ARROYO&#8217;NUN MAL\u0130YET\u0130<\/strong><\/p>\n<p><span>Keny Arroyo&#8217;nun bonservisinin %50&#8217;si i\u00e7in 5 milyon 670 bin euro \u00f6dendi.Ekvador grubu Independiente&#8217;nin sonraki sat\u0131\u015ftan y\u00fczde 50 hisse hakk\u0131 bulunuyor, fakat Be\u015fikta\u015f isterse bu y\u00fczde 50 hisse hakk\u0131n\u0131n y\u00fczde 30&#8217;unu 3.5 milyon euroya geri alabilecek.<\/span><\/div>\n<p><\/p>\n","protected":false},"excerpt":{"rendered":"<p>Ekvadorlu gazeteci Gustavo Villacreses, Be\u015fikta\u015f&#8217;\u0131n yeni transferi Keny Arroyo hakk\u0131nda konu\u015ftu.<\/p>\n","protected":false},"author":1,"featured_media":17992,"comment_status":"open","ping_status":"open","sticky":false,"template":"","format":"standard","meta":{"footnotes":""},"categories":[25],"tags":[],"class_list":["post-17991","post","type-post","status-publish","format-standard","has-post-thumbnail","hentry","category-futbol"],"_links":{"self":[{"href":"https:\/\/haberbesiktas.tr\/index.php?rest_route=\/wp\/v2\/posts\/17991","targetHints":{"allow":["GET"]}}],"collection":[{"href":"https:\/\/haberbesiktas.tr\/index.php?rest_route=\/wp\/v2\/posts"}],"about":[{"href":"https:\/\/haberbesiktas.tr\/index.php?rest_route=\/wp\/v2\/types\/post"}],"author":[{"embeddable":true,"href":"https:\/\/haberbesiktas.tr\/index.php?rest_route=\/wp\/v2\/users\/1"}],"replies":[{"embeddable":true,"href":"https:\/\/haberbesiktas.tr\/index.php?rest_route=%2Fwp%2Fv2%2Fcomments&post=17991"}],"version-history":[{"count":1,"href":"https:\/\/haberbesiktas.tr\/index.php?rest_route=\/wp\/v2\/posts\/17991\/revisions"}],"predecessor-version":[{"id":17993,"href":"https:\/\/haberbesiktas.tr\/index.php?rest_route=\/wp\/v2\/posts\/17991\/revisions\/17993"}],"wp:featuredmedia":[{"embeddable":true,"href":"https:\/\/haberbesiktas.tr\/index.php?rest_route=\/wp\/v2\/media\/17992"}],"wp:attachment":[{"href":"https:\/\/haberbesiktas.tr\/index.php?rest_route=%2Fwp%2Fv2%2Fmedia&parent=17991"}],"wp:term":[{"taxonomy":"category","embeddable":true,"href":"https:\/\/haberbesiktas.tr\/index.php?rest_route=%2Fwp%2Fv2%2Fcategories&post=17991"},{"taxonomy":"post_tag","embeddable":true,"href":"https:\/\/haberbesiktas.tr\/index.php?rest_route=%2Fwp%2Fv2%2Ftags&post=17991"}],"curies":[{"name":"wp","href":"https:\/\/api.w.org\/{rel}","templated":true}]}}