{"id":17994,"date":"2025-04-10T16:48:12","date_gmt":"2025-04-10T16:48:12","guid":{"rendered":"https:\/\/haberbesiktas.tr\/?p=17994"},"modified":"2025-04-10T16:48:12","modified_gmt":"2025-04-10T16:48:12","slug":"garcia-ricardo-modrice-benziyor","status":"publish","type":"post","link":"https:\/\/haberbesiktas.tr\/?p=17994","title":{"rendered":"Garcia: &#8220;Ricardo, Modric&#8217;e benziyor&#8221;"},"content":{"rendered":"<div>Be\u015fikta\u015f&#8217;\u0131n yeni transferlerinden Elan Ricardo&#8217;yu, geldi\u011fi grup olan CD La Equidad&#8217;\u0131n teknik y\u00f6neticisi Alexis Garcia, anlatt\u0131. \u0130HA&#8217;ya a\u00e7\u0131klamalarda bulunan Garcia, eski \u00f6\u011frencisini Luka Modric&#8217;e benzetti. <\/p>\n<p>20 ya\u015f\u0131ndaki futbolcunun teknik h\u00fcneri ve top denetimine dikkat \u00e7eken 64 ya\u015f\u0131ndaki Kolombiyal\u0131 \u00e7al\u0131\u015ft\u0131r\u0131c\u0131 \u015f\u00f6yle devam etti: <strong>&#8220;Oyun i\u00e7inde pas da\u011f\u0131t\u0131mlar\u0131n\u0131 uygun yap\u0131yor. Birebir vakitte vizyonu ile topla inan\u00e7l\u0131 bir manzara veriyor. R\u0130CARDO, Modric&#8217;e nazaran \u00e7ok daha g\u00fc\u00e7l\u00fc ve \u015futlar\u0131 da daha kuvvetli. Gelece\u011fi \u00e7ok umut verici. Onda m\u00fckemmel bir futbolcu g\u00f6rd\u00fcm. Yaln\u0131zca yetene\u011fini anlamak ve bunu alanda g\u00f6stermek i\u00e7in yapmam\u0131z gerekenler vard\u0131. Ola\u011fan\u00fcst\u00fc bir tekni\u011fe sahip. G\u00fc\u00e7l\u00fc, uzun ve orta uzakl\u0131ktan \u015futlar\u0131 ise onu \u00f6ne \u00e7\u0131kar\u0131yor. G\u00fcc\u00fc, tekni\u011fi, g\u00fczel top denetimi, \u00e7ok \u00e2l\u00e2 uzun ve k\u0131sa paslar\u0131 ile bir\u00e7ok gol atmas\u0131n\u0131 sa\u011flayan g\u00fc\u00e7l\u00fc \u015futlar\u0131 var. Merkez orta saha onun en g\u00fczel oldu\u011fu durum.&#8221;<\/strong><\/div>\n<p><\/p>\n","protected":false},"excerpt":{"rendered":"<p>La Equidad Teknik Y\u00f6neticisi Garcia, eski oyuncusu Ricardo hakk\u0131nda yorumlarda bulundu.<\/p>\n","protected":false},"author":1,"featured_media":17995,"comment_status":"open","ping_status":"open","sticky":false,"template":"","format":"standard","meta":{"footnotes":""},"categories":[25],"tags":[],"class_list":["post-17994","post","type-post","status-publish","format-standard","has-post-thumbnail","hentry","category-futbol"],"_links":{"self":[{"href":"https:\/\/haberbesiktas.tr\/index.php?rest_route=\/wp\/v2\/posts\/17994","targetHints":{"allow":["GET"]}}],"collection":[{"href":"https:\/\/haberbesiktas.tr\/index.php?rest_route=\/wp\/v2\/posts"}],"about":[{"href":"https:\/\/haberbesiktas.tr\/index.php?rest_route=\/wp\/v2\/types\/post"}],"author":[{"embeddable":true,"href":"https:\/\/haberbesiktas.tr\/index.php?rest_route=\/wp\/v2\/users\/1"}],"replies":[{"embeddable":true,"href":"https:\/\/haberbesiktas.tr\/index.php?rest_route=%2Fwp%2Fv2%2Fcomments&post=17994"}],"version-history":[{"count":1,"href":"https:\/\/haberbesiktas.tr\/index.php?rest_route=\/wp\/v2\/posts\/17994\/revisions"}],"predecessor-version":[{"id":17996,"href":"https:\/\/haberbesiktas.tr\/index.php?rest_route=\/wp\/v2\/posts\/17994\/revisions\/17996"}],"wp:featuredmedia":[{"embeddable":true,"href":"https:\/\/haberbesiktas.tr\/index.php?rest_route=\/wp\/v2\/media\/17995"}],"wp:attachment":[{"href":"https:\/\/haberbesiktas.tr\/index.php?rest_route=%2Fwp%2Fv2%2Fmedia&parent=17994"}],"wp:term":[{"taxonomy":"category","embeddable":true,"href":"https:\/\/haberbesiktas.tr\/index.php?rest_route=%2Fwp%2Fv2%2Fcategories&post=17994"},{"taxonomy":"post_tag","embeddable":true,"href":"https:\/\/haberbesiktas.tr\/index.php?rest_route=%2Fwp%2Fv2%2Ftags&post=17994"}],"curies":[{"name":"wp","href":"https:\/\/api.w.org\/{rel}","templated":true}]}}