{"id":18066,"date":"2025-04-10T21:24:06","date_gmt":"2025-04-10T21:24:06","guid":{"rendered":"https:\/\/haberbesiktas.tr\/?p=18066"},"modified":"2025-04-10T21:24:06","modified_gmt":"2025-04-10T21:24:06","slug":"ongjen-mimovic-icin-yorum-butun-avrupa-onu-izliyor","status":"publish","type":"post","link":"https:\/\/haberbesiktas.tr\/?p=18066","title":{"rendered":"Ongjen Mimovic i\u00e7in yorum: &#8220;B\u00fct\u00fcn Avrupa onu izliyor&#8221;"},"content":{"rendered":"<div>Zenit&#8217;in eski futbolcusu Milan Vjestica, Fenerbah\u00e7e&#8217;nin k\u0131\u015f transfer devrinde K\u0131z\u0131ly\u0131ld\u0131z&#8217;dan al\u0131p Zenit&#8217;e kiralad\u0131\u011f\u0131 Ongjen Mimovic i\u00e7in a\u00e7\u0131klamalarda bulundu.<\/p>\n<p>Mimovic&#8217;in b\u00fcy\u00fck bir potansiyelinin oldu\u011funu s\u00f6yleyen Vjestica, <strong>&#8220;<\/strong><span><strong>Ognjen Mimovic&#8217;i yeterli tan\u0131yorum. K\u0131sa m\u00fcddette kendini geli\u015ftirdi. B\u00fct\u00fcn Avrupa, onu izliyor. S\u0131rbistan Ulusal Kadrosu&#8217;nun de\u011ferli bir mod\u00fcl\u00fc olabilir. En k\u0131ymetli \u00f6zellikleri y\u00fcksek surat\u0131 ve tekni\u011fi. Bekte sabit bekleyen bir oyuncu de\u011fil, \u00e7ok fazla ata\u011fa \u00e7\u0131kar.&#8221;<\/strong> tabirlerini kulland\u0131.<\/p>\n<p><span>20 ya\u015f\u0131ndaki futbolcu, d\u00f6nem sonuna kadar kiral\u0131k olarak Zenit&#8217;te forma giyecek.<\/span><\/p>\n<p><strong>NEDEN K\u0130RALANDI?\u00a0<\/strong><\/p>\n<p><span>Allan Saint-Maximin&#8217;in Napoli&#8217;ye transferinin iptal olmas\u0131yla birlikte Fenerbah\u00e7e, orta transfer periyodunda yapt\u0131\u011f\u0131 desteklerle yabanc\u0131 oyuncu say\u0131s\u0131n\u0131 15&#8217;e \u00e7\u0131kard\u0131. Lakin T\u00fcrkiye Futbol Federasyonu kurallar\u0131 gere\u011fi sar\u0131-lacivertli grup, tak\u0131m\u0131nda en fazla 14 yabanc\u0131 oyuncu bulundurabiliyor. Bu nedenle bir futbolcunun tak\u0131m d\u0131\u015f\u0131 kalmas\u0131 gerekliydi.<\/span><\/p>\n<p><strong>6.7 M\u0130LYON EURO&#8217;YA TRANSFER ED\u0130LD\u0130<\/strong><\/p>\n<p><span>20 ya\u015f\u0131ndaki oyuncu, Fenerbah\u00e7e&#8217;ye K\u0131z\u0131ly\u0131ld\u0131z&#8217;dan 6.7 milyon euro&#8217;ya transfer oldu. Lisans\u0131 \u00e7\u0131kar\u0131ld\u0131 lakin forma talihi bulamad\u0131.<\/span><br \/><\/span><\/div>\n<p><\/p>\n","protected":false},"excerpt":{"rendered":"<p>Zenit&#8217;in eski futbolcusu Milan Vjestica, Fenerbah\u00e7e&#8217;nin k\u0131\u015f transfer devrinde K\u0131z\u0131ly\u0131ld\u0131z&#8217;dan al\u0131p Zenit&#8217;e kiralad\u0131\u011f\u0131 Ongjen Mimovic i\u00e7in a\u00e7\u0131klamalarda bulundu.<\/p>\n","protected":false},"author":1,"featured_media":18067,"comment_status":"open","ping_status":"open","sticky":false,"template":"","format":"standard","meta":{"footnotes":""},"categories":[25],"tags":[48],"class_list":["post-18066","post","type-post","status-publish","format-standard","has-post-thumbnail","hentry","category-futbol","tag-transfer"],"_links":{"self":[{"href":"https:\/\/haberbesiktas.tr\/index.php?rest_route=\/wp\/v2\/posts\/18066","targetHints":{"allow":["GET"]}}],"collection":[{"href":"https:\/\/haberbesiktas.tr\/index.php?rest_route=\/wp\/v2\/posts"}],"about":[{"href":"https:\/\/haberbesiktas.tr\/index.php?rest_route=\/wp\/v2\/types\/post"}],"author":[{"embeddable":true,"href":"https:\/\/haberbesiktas.tr\/index.php?rest_route=\/wp\/v2\/users\/1"}],"replies":[{"embeddable":true,"href":"https:\/\/haberbesiktas.tr\/index.php?rest_route=%2Fwp%2Fv2%2Fcomments&post=18066"}],"version-history":[{"count":1,"href":"https:\/\/haberbesiktas.tr\/index.php?rest_route=\/wp\/v2\/posts\/18066\/revisions"}],"predecessor-version":[{"id":18068,"href":"https:\/\/haberbesiktas.tr\/index.php?rest_route=\/wp\/v2\/posts\/18066\/revisions\/18068"}],"wp:featuredmedia":[{"embeddable":true,"href":"https:\/\/haberbesiktas.tr\/index.php?rest_route=\/wp\/v2\/media\/18067"}],"wp:attachment":[{"href":"https:\/\/haberbesiktas.tr\/index.php?rest_route=%2Fwp%2Fv2%2Fmedia&parent=18066"}],"wp:term":[{"taxonomy":"category","embeddable":true,"href":"https:\/\/haberbesiktas.tr\/index.php?rest_route=%2Fwp%2Fv2%2Fcategories&post=18066"},{"taxonomy":"post_tag","embeddable":true,"href":"https:\/\/haberbesiktas.tr\/index.php?rest_route=%2Fwp%2Fv2%2Ftags&post=18066"}],"curies":[{"name":"wp","href":"https:\/\/api.w.org\/{rel}","templated":true}]}}