{"id":18117,"date":"2025-04-11T00:48:06","date_gmt":"2025-04-11T00:48:06","guid":{"rendered":"https:\/\/haberbesiktas.tr\/?p=18117"},"modified":"2025-04-11T00:48:06","modified_gmt":"2025-04-11T00:48:06","slug":"tffden-derbinin-hakemi-icin-aciklama","status":"publish","type":"post","link":"https:\/\/haberbesiktas.tr\/?p=18117","title":{"rendered":"TFF&#8217;den derbinin hakemi i\u00e7in a\u00e7\u0131klama!"},"content":{"rendered":"<div>TFF Y\u00f6netim Kurulu \u00dcyesi Ural Ak\u00fcz\u00fcm, Galatasaray &#8211; Fenerbah\u00e7e ma\u00e7\u0131n\u0131 T\u00fcrk bir hakemin y\u00f6netece\u011fini a\u00e7\u0131klad\u0131.<\/p>\n<p><strong>&#8220;DERB\u0130N\u0130N HAKEM\u0130 T\u00dcRK OLACAK&#8221;<\/strong><\/p>\n<p> Ekol TV&#8217;den Setenay Cankat&#8217;a konu\u015fan Ak\u00fcz\u00fcm, <strong>&#8220;Galatasaray &#8211; Fenerbah\u00e7e derbisinde yabanc\u0131 hakem g\u00fcndemde. Sizin bir g\u00fcndem hususunuz var m\u0131?&#8221; <\/strong>sorusuna kar\u015f\u0131l\u0131k verdi.<\/p>\n<p> Bu d\u00f6nem hi\u00e7bir ma\u00e7ta yabanc\u0131 hakem olmayaca\u011f\u0131n\u0131 s\u00f6yleyen Ak\u00fcz\u00fcm, &#8220;<strong>Yok. T\u00fcrkiye&#8217;de 2024-2025 futbol d\u00f6neminin sonuna kadar T\u00fcrk hakemleri orta hakem olarak misyon yapacak.&#8221;<\/strong> tabirlerini kulland\u0131.<\/p>\n<p>Ligin 25. haftas\u0131nda oynanacak Galatasaray &#8211; Fenerbah\u00e7e ma\u00e7\u0131, 24 \u015eubat Pazartesi g\u00fcn\u00fc saat 20.00&#8217;de RAMS Park&#8217;ta oynanacak.<\/p>\n<\/div>\n<p><\/p>\n","protected":false},"excerpt":{"rendered":"<p>TFF Y\u00f6netim Kurulu \u00dcyesi Ural Ak\u00fcz\u00fcm, Galatasaray &#8211; Fenerbah\u00e7e ma\u00e7\u0131n\u0131 T\u00fcrk bir hakemin y\u00f6netece\u011fini a\u00e7\u0131klad\u0131.<\/p>\n","protected":false},"author":1,"featured_media":18118,"comment_status":"open","ping_status":"open","sticky":false,"template":"","format":"standard","meta":{"footnotes":""},"categories":[25],"tags":[62],"class_list":["post-18117","post","type-post","status-publish","format-standard","has-post-thumbnail","hentry","category-futbol","tag-hakem"],"_links":{"self":[{"href":"https:\/\/haberbesiktas.tr\/index.php?rest_route=\/wp\/v2\/posts\/18117","targetHints":{"allow":["GET"]}}],"collection":[{"href":"https:\/\/haberbesiktas.tr\/index.php?rest_route=\/wp\/v2\/posts"}],"about":[{"href":"https:\/\/haberbesiktas.tr\/index.php?rest_route=\/wp\/v2\/types\/post"}],"author":[{"embeddable":true,"href":"https:\/\/haberbesiktas.tr\/index.php?rest_route=\/wp\/v2\/users\/1"}],"replies":[{"embeddable":true,"href":"https:\/\/haberbesiktas.tr\/index.php?rest_route=%2Fwp%2Fv2%2Fcomments&post=18117"}],"version-history":[{"count":1,"href":"https:\/\/haberbesiktas.tr\/index.php?rest_route=\/wp\/v2\/posts\/18117\/revisions"}],"predecessor-version":[{"id":18119,"href":"https:\/\/haberbesiktas.tr\/index.php?rest_route=\/wp\/v2\/posts\/18117\/revisions\/18119"}],"wp:featuredmedia":[{"embeddable":true,"href":"https:\/\/haberbesiktas.tr\/index.php?rest_route=\/wp\/v2\/media\/18118"}],"wp:attachment":[{"href":"https:\/\/haberbesiktas.tr\/index.php?rest_route=%2Fwp%2Fv2%2Fmedia&parent=18117"}],"wp:term":[{"taxonomy":"category","embeddable":true,"href":"https:\/\/haberbesiktas.tr\/index.php?rest_route=%2Fwp%2Fv2%2Fcategories&post=18117"},{"taxonomy":"post_tag","embeddable":true,"href":"https:\/\/haberbesiktas.tr\/index.php?rest_route=%2Fwp%2Fv2%2Ftags&post=18117"}],"curies":[{"name":"wp","href":"https:\/\/api.w.org\/{rel}","templated":true}]}}