{"id":18120,"date":"2025-04-11T01:00:07","date_gmt":"2025-04-11T01:00:07","guid":{"rendered":"https:\/\/haberbesiktas.tr\/?p=18120"},"modified":"2025-04-11T01:00:07","modified_gmt":"2025-04-11T01:00:07","slug":"thomas-reisdan-hakem-yorumu","status":"publish","type":"post","link":"https:\/\/haberbesiktas.tr\/?p=18120","title":{"rendered":"Thomas Reis&#8217;dan hakem yorumu"},"content":{"rendered":"<div>Reeder Samsunspor Teknik Y\u00f6neticisi Thomas Reis, Trendyol Muhte\u015fem Lig&#8217;in birinci yar\u0131s\u0131nda ma\u011flup olduklar\u0131 T\u00dcMOSAN Konyaspor&#8217;u hafta sonu yenmek istediklerini s\u00f6yledi.<\/p>\n<p> Reis, Nuri Asan Tesisleri&#8217;nde d\u00fczenledi\u011fi bas\u0131n toplant\u0131s\u0131nda, ligin 24. haftas\u0131nda 16 \u015eubat Pazar g\u00fcn\u00fc deplasmanda oynayacaklar\u0131 T\u00dcMOSAN Konyaspor ma\u00e7\u0131n\u0131 k\u0131ymetlendirdi.<\/p>\n<p> Her m\u00fcsabakan\u0131n g\u00fc\u00e7 ge\u00e7ti\u011fine i\u015faret eden Reis, &#8220;G\u00fc\u00e7l\u00fc bir rakibe kar\u015f\u0131 oynayaca\u011f\u0131z. Hava toplar\u0131nda tesirli, tehlikeli oyuncular\u0131 var. Duran toplardan 9 gol bulan bir gruba kar\u015f\u0131 oynayaca\u011f\u0131z. Savunmay\u0131 en uygun halde yapmam\u0131z gereken bir m\u00fcsabaka olacak. Katiyetle birinci oynad\u0131\u011f\u0131m\u0131z ma\u00e7tan daha uygun sonu\u00e7 almak, ho\u015f performans g\u00f6stererek elimizden gelenin en g\u00fczelini yaparak ma\u00e7tan memnun ayr\u0131lmak istiyoruz.&#8221; diye konu\u015ftu.<\/p>\n<p> Konyaspor kar\u015f\u0131s\u0131nda ligin birinci yar\u0131s\u0131ndaki ma\u00e7\u0131 kaybettiklerini lisana getiren Reis, \u015funlar\u0131 kaydetti:<\/p>\n<p> &#8220;O m\u00fcsabakada topa daha fazla sahip olan, topun denetimini elinde tutan kadro bizdik fakat ne yaz\u0131k ki \u015fanss\u0131z bir gol yedik. Bu m\u00fcsabakada \u00e7ok daha yeterli savunma yapmam\u0131z gerekiyor. Elbette d\u00fczg\u00fcn bir ma\u00e7 olacakt\u0131r. Konyaspor&#8217;a kar\u015f\u0131 d\u00fczg\u00fcn sonu\u00e7 almak istiyoruz lakin \u00e7ok dikkatli olmam\u0131z gerekiyor. Bazen \u00f6nde basaca\u011f\u0131z, bazen ikinci b\u00f6lgede bekleyece\u011fiz. Bu de\u011fi\u015fimi de d\u00fczg\u00fcn yapmam\u0131z gerekiyor. Yaln\u0131zca defans yapmak istemiyoruz. Defansif manada ho\u015f \u015feyler yapmak istiyoruz lakin t\u0131pk\u0131 vakitte ofansif manada ge\u00e7i\u015f oyununu \u00e7ok uygun oynamam\u0131z gerekiyor.&#8221;<\/p>\n<p> Reis, Lubomir Satka&#8217;n\u0131n k\u00fc\u00e7\u00fck bir sakatl\u0131\u011f\u0131 bulundu\u011funu lakin grupla idmanlara ba\u015flad\u0131\u011f\u0131n\u0131, Marc Bola&#8217;n\u0131n durumunun ise uygun oldu\u011funu belirtti.<\/p>\n<p> Reis, bir bas\u0131n mensubunun hakem kusurlar\u0131n\u0131n ma\u00e7la ilgili kendilerinde bask\u0131 olu\u015fturup olu\u015fturmad\u0131\u011f\u0131 istikametindeki sorusuna, &#8220;Hakemlerle ilgili \u00e7ok fazla konu\u015fmay\u0131 seven birisi de\u011filim. Biz b\u00fcsb\u00fct\u00fcn kendi oyunumuza, kendi ma\u00e7\u0131m\u0131za odaklanmak istiyoruz. Umar\u0131m oynayaca\u011f\u0131m\u0131z m\u00fcsabakalarda da d\u00fczg\u00fcn hakem idaresiyle kar\u015f\u0131la\u015f\u0131r\u0131z.&#8221; kar\u015f\u0131l\u0131\u011f\u0131n\u0131 verdi.<\/p>\n<\/div>\n<p><\/p>\n","protected":false},"excerpt":{"rendered":"<p>Thomas Reis, \u00dcst\u00fcn Lig&#8217;in 24. haftas\u0131nda kar\u015f\u0131la\u015facaklar\u0131 Konyaspor ma\u00e7\u0131 \u00f6ncesi a\u00e7\u0131klamalarda bulundu.<\/p>\n","protected":false},"author":1,"featured_media":18121,"comment_status":"open","ping_status":"open","sticky":false,"template":"","format":"standard","meta":{"footnotes":""},"categories":[25],"tags":[50,844],"class_list":["post-18120","post","type-post","status-publish","format-standard","has-post-thumbnail","hentry","category-futbol","tag-mac","tag-reis"],"_links":{"self":[{"href":"https:\/\/haberbesiktas.tr\/index.php?rest_route=\/wp\/v2\/posts\/18120","targetHints":{"allow":["GET"]}}],"collection":[{"href":"https:\/\/haberbesiktas.tr\/index.php?rest_route=\/wp\/v2\/posts"}],"about":[{"href":"https:\/\/haberbesiktas.tr\/index.php?rest_route=\/wp\/v2\/types\/post"}],"author":[{"embeddable":true,"href":"https:\/\/haberbesiktas.tr\/index.php?rest_route=\/wp\/v2\/users\/1"}],"replies":[{"embeddable":true,"href":"https:\/\/haberbesiktas.tr\/index.php?rest_route=%2Fwp%2Fv2%2Fcomments&post=18120"}],"version-history":[{"count":1,"href":"https:\/\/haberbesiktas.tr\/index.php?rest_route=\/wp\/v2\/posts\/18120\/revisions"}],"predecessor-version":[{"id":18122,"href":"https:\/\/haberbesiktas.tr\/index.php?rest_route=\/wp\/v2\/posts\/18120\/revisions\/18122"}],"wp:featuredmedia":[{"embeddable":true,"href":"https:\/\/haberbesiktas.tr\/index.php?rest_route=\/wp\/v2\/media\/18121"}],"wp:attachment":[{"href":"https:\/\/haberbesiktas.tr\/index.php?rest_route=%2Fwp%2Fv2%2Fmedia&parent=18120"}],"wp:term":[{"taxonomy":"category","embeddable":true,"href":"https:\/\/haberbesiktas.tr\/index.php?rest_route=%2Fwp%2Fv2%2Fcategories&post=18120"},{"taxonomy":"post_tag","embeddable":true,"href":"https:\/\/haberbesiktas.tr\/index.php?rest_route=%2Fwp%2Fv2%2Ftags&post=18120"}],"curies":[{"name":"wp","href":"https:\/\/api.w.org\/{rel}","templated":true}]}}