{"id":18123,"date":"2025-04-11T01:12:07","date_gmt":"2025-04-11T01:12:07","guid":{"rendered":"https:\/\/haberbesiktas.tr\/?p=18123"},"modified":"2025-04-11T01:12:07","modified_gmt":"2025-04-11T01:12:07","slug":"altinordu-yerini-saglamlastirdi","status":"publish","type":"post","link":"https:\/\/haberbesiktas.tr\/?p=18123","title":{"rendered":"Alt\u0131nordu yerini sa\u011flamla\u015ft\u0131rd\u0131"},"content":{"rendered":"<div>2&#8217;nci Lig Beyaz K\u00fcme&#8217;de ikinci devreye \u00fcst \u00fcste 3 beraberlikle ba\u015flay\u0131p doruktan uzakla\u015fan Alt\u0131nordu, son 2 ma\u00e7\u0131nda K\u0131rklarelispor&#8217;u 4-2, 24Erzincanspor&#8217;u (D) ise 3-0 ma\u011flup ederek Play-Off s\u0131n\u0131r\u0131ndaki yerini peki\u015ftirdi. \u00d6nder Sar\u0131yer&#8217;in birinci hezimetini ald\u0131\u011f\u0131 haftada tepeyle ortas\u0131ndaki puan fark\u0131n\u0131 9&#8217;a d\u00fc\u015f\u00fcren 44 puanl\u0131 k\u0131rm\u0131z\u0131-lacivertliler 4&#8217;\u00fcnc\u00fc s\u0131radaki yerini korurken, haftay\u0131 1 puanla kapatan 3&#8217;\u00fcnc\u00fc basamaktaki Kastamonuspor&#8217;la ortas\u0131ndaki puan fark\u0131n\u0131 ise 2&#8217;ye d\u00fc\u015f\u00fcrd\u00fc. Son 2 haftada 6 puan toplayan \u0130zmir temsilcisi 7&#8217;nci s\u0131rayla ortas\u0131ndaki puan fark\u0131n\u0131 6&#8217;dan 10&#8217;a \u00e7\u0131kararak birinci 6&#8217;daki yerini sa\u011flama ald\u0131.<\/p>\n<p> Alt\u0131nordu&#8217;da birinci deplasman zaferini ya\u015fayan Teknik Y\u00f6netici Ersan Parlatan, grubun ba\u015f\u0131nda \u00e7\u0131kt\u0131\u011f\u0131 4 ma\u00e7ta 2 galibiyet, 2 beraberlik alarak ma\u00e7 ba\u015f\u0131na 2 puan ortalamas\u0131 yakalad\u0131. Alt\u0131nordu&#8217;da son transferlerden santrfor Yakal Taylan ikinci ma\u00e7\u0131nda ismini birinci 11&#8217;e yazd\u0131rd\u0131. Orta transferde kadroya kat\u0131lan U\u011fur, 5&#8217;inci ma\u00e7\u0131nda 3&#8217;\u00fcnc\u00fc gol\u00fcn\u00fc att\u0131. Altyap\u0131 patentli orta saha oyuncusu Sami gol say\u0131s\u0131n\u0131 7&#8217;ye \u00e7\u0131kar\u0131rken, sol bek Alper 3 gole ula\u015ft\u0131. \u00d6te yandan Erzincanspor ma\u00e7\u0131n\u0131n 29&#8217;uncu dakikas\u0131nda \u00fcst adalesinden sakatlanarak oyundan \u00e7\u0131kan forvet H\u00fcseyin Bulut&#8217;un durumunun \u00f6nemli olmad\u0131\u011f\u0131 tabir edildi.<\/p>\n<p> <strong>ARA TRANSFERDE 6 G\u0130TT\u0130 7 GELD\u0130<\/strong><\/p>\n<p> Alt\u0131nordu orta transfer devrinde tak\u0131m\u0131na 7 oyuncu dahil ederken, 6 futbolcuyla vedala\u015ft\u0131. K\u0131rm\u0131z\u0131-lacivertliler d\u0131\u015f transferde Ali Barak, Alparslan Baran, G\u00f6rkem Akdere, Koray Da\u011f, Selahattin \u00c7ank\u0131rl\u0131, U\u011fur \u00c7etinkaya ve Yakal Taylan ile mukavele imzalad\u0131. \u0130zmir temsilcisinde birinci yar\u0131da tak\u0131mda yer alan Arif Asaf G\u00fcltekin, Hasan Berat Kayal\u0131, \u0130lkan Sever, Sercan Demirk\u0131ran, Tahsin \u00c7akmak ve Mustafa Kocaba\u015f ise gruptan ayr\u0131ld\u0131.<\/p>\n<\/div>\n<p><\/p>\n","protected":false},"excerpt":{"rendered":"<p>Alt\u0131nordu, son 2 ma\u00e7\u0131nda K\u0131rklarelispor&#8217;u 4-2, 24Erzincanspor&#8217;u (D) ise 3-0 ma\u011flup ederek Play-Off s\u0131n\u0131r\u0131ndaki yerini peki\u015ftirdi.<\/p>\n","protected":false},"author":1,"featured_media":18124,"comment_status":"open","ping_status":"open","sticky":false,"template":"","format":"standard","meta":{"footnotes":""},"categories":[25],"tags":[50,48],"class_list":["post-18123","post","type-post","status-publish","format-standard","has-post-thumbnail","hentry","category-futbol","tag-mac","tag-transfer"],"_links":{"self":[{"href":"https:\/\/haberbesiktas.tr\/index.php?rest_route=\/wp\/v2\/posts\/18123","targetHints":{"allow":["GET"]}}],"collection":[{"href":"https:\/\/haberbesiktas.tr\/index.php?rest_route=\/wp\/v2\/posts"}],"about":[{"href":"https:\/\/haberbesiktas.tr\/index.php?rest_route=\/wp\/v2\/types\/post"}],"author":[{"embeddable":true,"href":"https:\/\/haberbesiktas.tr\/index.php?rest_route=\/wp\/v2\/users\/1"}],"replies":[{"embeddable":true,"href":"https:\/\/haberbesiktas.tr\/index.php?rest_route=%2Fwp%2Fv2%2Fcomments&post=18123"}],"version-history":[{"count":1,"href":"https:\/\/haberbesiktas.tr\/index.php?rest_route=\/wp\/v2\/posts\/18123\/revisions"}],"predecessor-version":[{"id":18125,"href":"https:\/\/haberbesiktas.tr\/index.php?rest_route=\/wp\/v2\/posts\/18123\/revisions\/18125"}],"wp:featuredmedia":[{"embeddable":true,"href":"https:\/\/haberbesiktas.tr\/index.php?rest_route=\/wp\/v2\/media\/18124"}],"wp:attachment":[{"href":"https:\/\/haberbesiktas.tr\/index.php?rest_route=%2Fwp%2Fv2%2Fmedia&parent=18123"}],"wp:term":[{"taxonomy":"category","embeddable":true,"href":"https:\/\/haberbesiktas.tr\/index.php?rest_route=%2Fwp%2Fv2%2Fcategories&post=18123"},{"taxonomy":"post_tag","embeddable":true,"href":"https:\/\/haberbesiktas.tr\/index.php?rest_route=%2Fwp%2Fv2%2Ftags&post=18123"}],"curies":[{"name":"wp","href":"https:\/\/api.w.org\/{rel}","templated":true}]}}