{"id":18149,"date":"2025-04-11T02:48:08","date_gmt":"2025-04-11T02:48:08","guid":{"rendered":"https:\/\/haberbesiktas.tr\/?p=18149"},"modified":"2025-04-11T02:48:08","modified_gmt":"2025-04-11T02:48:08","slug":"barcelonada-cubarsiye-yeni-sozlesme","status":"publish","type":"post","link":"https:\/\/haberbesiktas.tr\/?p=18149","title":{"rendered":"Barcelona&#8217;da Cubarsi&#8217;ye yeni s\u00f6zle\u015fme"},"content":{"rendered":"<div>Barcelona, altyap\u0131s\u0131ndan yeti\u015fen 18 ya\u015f\u0131ndaki stoper Pau Cubarsi ile yeni mukavele imzalad\u0131.<\/p>\n<p> Katalan grubu, gen\u00e7 futbolcunun kontrat\u0131n\u0131n 2029 y\u0131l\u0131na kadar uzat\u0131ld\u0131\u011f\u0131n\u0131 a\u00e7\u0131klad\u0131.<\/p>\n<p> Barcelona&#8217;da bu d\u00f6nem 36 ma\u00e7ta m\u00fcddet bulan Cubarsi, 3 asist yapt\u0131.<\/p>\n<p><img decoding=\"async\" src=\"https:\/\/haberbesiktas.tr\/wp-content\/uploads\/2025\/04\/barcelonada-cubarsiye-yeni-sozlesme-0-hqcT6nuj.jpg\"\/><\/p>\n<\/div>\n<p><\/p>\n","protected":false},"excerpt":{"rendered":"<p>Barcelona, Pau Cubarsi ile 2029 y\u0131l\u0131na kadar s\u00fcrecek yeni mukavele imzaland\u0131\u011f\u0131n\u0131 a\u00e7\u0131klad\u0131.<\/p>\n","protected":false},"author":1,"featured_media":18150,"comment_status":"open","ping_status":"open","sticky":false,"template":"","format":"standard","meta":{"footnotes":""},"categories":[25],"tags":[],"class_list":["post-18149","post","type-post","status-publish","format-standard","has-post-thumbnail","hentry","category-futbol"],"_links":{"self":[{"href":"https:\/\/haberbesiktas.tr\/index.php?rest_route=\/wp\/v2\/posts\/18149","targetHints":{"allow":["GET"]}}],"collection":[{"href":"https:\/\/haberbesiktas.tr\/index.php?rest_route=\/wp\/v2\/posts"}],"about":[{"href":"https:\/\/haberbesiktas.tr\/index.php?rest_route=\/wp\/v2\/types\/post"}],"author":[{"embeddable":true,"href":"https:\/\/haberbesiktas.tr\/index.php?rest_route=\/wp\/v2\/users\/1"}],"replies":[{"embeddable":true,"href":"https:\/\/haberbesiktas.tr\/index.php?rest_route=%2Fwp%2Fv2%2Fcomments&post=18149"}],"version-history":[{"count":1,"href":"https:\/\/haberbesiktas.tr\/index.php?rest_route=\/wp\/v2\/posts\/18149\/revisions"}],"predecessor-version":[{"id":18152,"href":"https:\/\/haberbesiktas.tr\/index.php?rest_route=\/wp\/v2\/posts\/18149\/revisions\/18152"}],"wp:featuredmedia":[{"embeddable":true,"href":"https:\/\/haberbesiktas.tr\/index.php?rest_route=\/wp\/v2\/media\/18150"}],"wp:attachment":[{"href":"https:\/\/haberbesiktas.tr\/index.php?rest_route=%2Fwp%2Fv2%2Fmedia&parent=18149"}],"wp:term":[{"taxonomy":"category","embeddable":true,"href":"https:\/\/haberbesiktas.tr\/index.php?rest_route=%2Fwp%2Fv2%2Fcategories&post=18149"},{"taxonomy":"post_tag","embeddable":true,"href":"https:\/\/haberbesiktas.tr\/index.php?rest_route=%2Fwp%2Fv2%2Ftags&post=18149"}],"curies":[{"name":"wp","href":"https:\/\/api.w.org\/{rel}","templated":true}]}}