{"id":18153,"date":"2025-04-11T03:00:07","date_gmt":"2025-04-11T03:00:07","guid":{"rendered":"https:\/\/haberbesiktas.tr\/?p=18153"},"modified":"2025-04-11T03:00:07","modified_gmt":"2025-04-11T03:00:07","slug":"fatih-terimden-popescu-paylasimi","status":"publish","type":"post","link":"https:\/\/haberbesiktas.tr\/?p=18153","title":{"rendered":"Fatih Terim&#8217;den Popescu payla\u015f\u0131m\u0131"},"content":{"rendered":"<div>Al Shabab Teknik Y\u00f6neticisi Fatih Terim, dikkat \u00e7eken bir payla\u015f\u0131ma imza att\u0131.<\/p>\n<p> Terim, Galatasaray&#8217;dan eski \u00f6\u011frencisi Gheorghe Popescu&#8217;nun kendisini ziyaret etti\u011fi an\u0131 payla\u015ft\u0131 ve,<strong> &#8220;Seni g\u00f6rmek ve eski ho\u015f g\u00fcnleri konu\u015fmak ho\u015f. Ziyaretin i\u00e7in te\u015fekk\u00fcrler.&#8221;<\/strong> s\u00f6zlerini yazd\u0131.<\/p>\n<p> Fatih Terim ile Popescu ortas\u0131ndaki ziyarette Al Shabab Sportif Y\u00f6neticisi Paul Nedved de yer ald\u0131.<\/p>\n<p> Fatih Terim&#8217;in bu payla\u015f\u0131m\u0131 toplumsal medyada b\u00fcy\u00fck ilgi g\u00f6rd\u00fc.<\/p>\n<\/div>\n<p><\/p>\n","protected":false},"excerpt":{"rendered":"<p>Al Shabab Teknik Y\u00f6neticisi Fatih Terim, Galatasaray&#8217;da birlikte \u00e7al\u0131\u015ft\u0131\u011f\u0131 Gheorghe Popescu ile bir payla\u015f\u0131mda bulundu.<\/p>\n","protected":false},"author":1,"featured_media":18154,"comment_status":"open","ping_status":"open","sticky":false,"template":"","format":"standard","meta":{"footnotes":""},"categories":[25],"tags":[],"class_list":["post-18153","post","type-post","status-publish","format-standard","has-post-thumbnail","hentry","category-futbol"],"_links":{"self":[{"href":"https:\/\/haberbesiktas.tr\/index.php?rest_route=\/wp\/v2\/posts\/18153","targetHints":{"allow":["GET"]}}],"collection":[{"href":"https:\/\/haberbesiktas.tr\/index.php?rest_route=\/wp\/v2\/posts"}],"about":[{"href":"https:\/\/haberbesiktas.tr\/index.php?rest_route=\/wp\/v2\/types\/post"}],"author":[{"embeddable":true,"href":"https:\/\/haberbesiktas.tr\/index.php?rest_route=\/wp\/v2\/users\/1"}],"replies":[{"embeddable":true,"href":"https:\/\/haberbesiktas.tr\/index.php?rest_route=%2Fwp%2Fv2%2Fcomments&post=18153"}],"version-history":[{"count":1,"href":"https:\/\/haberbesiktas.tr\/index.php?rest_route=\/wp\/v2\/posts\/18153\/revisions"}],"predecessor-version":[{"id":18155,"href":"https:\/\/haberbesiktas.tr\/index.php?rest_route=\/wp\/v2\/posts\/18153\/revisions\/18155"}],"wp:featuredmedia":[{"embeddable":true,"href":"https:\/\/haberbesiktas.tr\/index.php?rest_route=\/wp\/v2\/media\/18154"}],"wp:attachment":[{"href":"https:\/\/haberbesiktas.tr\/index.php?rest_route=%2Fwp%2Fv2%2Fmedia&parent=18153"}],"wp:term":[{"taxonomy":"category","embeddable":true,"href":"https:\/\/haberbesiktas.tr\/index.php?rest_route=%2Fwp%2Fv2%2Fcategories&post=18153"},{"taxonomy":"post_tag","embeddable":true,"href":"https:\/\/haberbesiktas.tr\/index.php?rest_route=%2Fwp%2Fv2%2Ftags&post=18153"}],"curies":[{"name":"wp","href":"https:\/\/api.w.org\/{rel}","templated":true}]}}