{"id":18156,"date":"2025-04-11T03:12:07","date_gmt":"2025-04-11T03:12:07","guid":{"rendered":"https:\/\/haberbesiktas.tr\/?p=18156"},"modified":"2025-04-11T03:12:07","modified_gmt":"2025-04-11T03:12:07","slug":"iste-psgde-yeni-kaleci-adaylari","status":"publish","type":"post","link":"https:\/\/haberbesiktas.tr\/?p=18156","title":{"rendered":"\u0130\u015fte PSG&#8217;de yeni kaleci adaylar\u0131!"},"content":{"rendered":"<div>Paris Saint-Germain, yaz transfer periyodunda kaleci transferi yapmay\u0131 planl\u0131yor.<\/p>\n<p> Frans\u0131z bas\u0131n\u0131nda yer alan habere nazaran, kadronun kalecisi Gianluigi Donnarumma&#8217;n\u0131n bu sezonki performans\u0131yla teknik y\u00f6netici Luis Enrique&#8217;yi mutlu edemedi\u011fi belirtildi.<\/p>\n<p> Bu geli\u015fmenin akabinde PSG&#8217;nin yaz transfer devrinde kaleci transferi yapmak istedi\u011fi ve listesinde Milan&#8217;dan Mike Maignan ile birlikte Lille&#8217;den Lucas Chevalier&#8217;in yer ald\u0131\u011f\u0131 belirtildi.<\/p>\n<p> PSG&#8217;nin yeni kaleci transferi yapmas\u0131 durumunda ise Donnarumma&#8217;n\u0131n \u00fclkesi \u0130talya&#8217;ya geri d\u00f6nebilece\u011fi yaz\u0131ld\u0131.<\/p>\n<\/div>\n<p><\/p>\n","protected":false},"excerpt":{"rendered":"<p>PSG, yaz transfer devrinde kaleci transferi yapmay\u0131 planl\u0131yor. Frnas\u0131z grubunun listesinde Mike Maignan ve Lucas Chevalier yer al\u0131yor.<\/p>\n","protected":false},"author":1,"featured_media":18157,"comment_status":"open","ping_status":"open","sticky":false,"template":"","format":"standard","meta":{"footnotes":""},"categories":[25],"tags":[48],"class_list":["post-18156","post","type-post","status-publish","format-standard","has-post-thumbnail","hentry","category-futbol","tag-transfer"],"_links":{"self":[{"href":"https:\/\/haberbesiktas.tr\/index.php?rest_route=\/wp\/v2\/posts\/18156","targetHints":{"allow":["GET"]}}],"collection":[{"href":"https:\/\/haberbesiktas.tr\/index.php?rest_route=\/wp\/v2\/posts"}],"about":[{"href":"https:\/\/haberbesiktas.tr\/index.php?rest_route=\/wp\/v2\/types\/post"}],"author":[{"embeddable":true,"href":"https:\/\/haberbesiktas.tr\/index.php?rest_route=\/wp\/v2\/users\/1"}],"replies":[{"embeddable":true,"href":"https:\/\/haberbesiktas.tr\/index.php?rest_route=%2Fwp%2Fv2%2Fcomments&post=18156"}],"version-history":[{"count":1,"href":"https:\/\/haberbesiktas.tr\/index.php?rest_route=\/wp\/v2\/posts\/18156\/revisions"}],"predecessor-version":[{"id":18158,"href":"https:\/\/haberbesiktas.tr\/index.php?rest_route=\/wp\/v2\/posts\/18156\/revisions\/18158"}],"wp:featuredmedia":[{"embeddable":true,"href":"https:\/\/haberbesiktas.tr\/index.php?rest_route=\/wp\/v2\/media\/18157"}],"wp:attachment":[{"href":"https:\/\/haberbesiktas.tr\/index.php?rest_route=%2Fwp%2Fv2%2Fmedia&parent=18156"}],"wp:term":[{"taxonomy":"category","embeddable":true,"href":"https:\/\/haberbesiktas.tr\/index.php?rest_route=%2Fwp%2Fv2%2Fcategories&post=18156"},{"taxonomy":"post_tag","embeddable":true,"href":"https:\/\/haberbesiktas.tr\/index.php?rest_route=%2Fwp%2Fv2%2Ftags&post=18156"}],"curies":[{"name":"wp","href":"https:\/\/api.w.org\/{rel}","templated":true}]}}