{"id":18167,"date":"2025-04-11T03:48:07","date_gmt":"2025-04-11T03:48:07","guid":{"rendered":"https:\/\/haberbesiktas.tr\/?p=18167"},"modified":"2025-04-11T03:48:07","modified_gmt":"2025-04-11T03:48:07","slug":"galatasaray-cagdas-faktoring-ankarada-farkli-galip","status":"publish","type":"post","link":"https:\/\/haberbesiktas.tr\/?p=18167","title":{"rendered":"Galatasaray \u00c7a\u011fda\u015f Faktoring, Ankara&#8217;da farkl\u0131 galip"},"content":{"rendered":"<div>\n<div>\n<div>\n<div><span>ING Bayanlar Basketbol \u00dcst\u00fcn Ligi&#8217;nin 21. haftas\u0131nda Galatasaray \u00c7a\u011fda\u015f Faktoring deplasmanda Nesibe Ayd\u0131n ile kar\u015f\u0131la\u015ft\u0131.<\/p>\n<p>TOBB Spor Salonu&#8217;nda oynanan ma\u00e7\u0131 Sar\u0131-K\u0131rm\u0131z\u0131l\u0131lar 97-73 kazand\u0131.<\/p>\n<p>Galatasaray, Nesibe Ayd\u0131n ile\u00a0<span>normal d\u00f6nemin birinci yar\u0131s\u0131nda Sinan Fazilet Spor Salonu&#8217;nda oynad\u0131\u011f\u0131 \u00e7abay\u0131 de 84-78 kazanm\u0131\u015ft\u0131.<\/p>\n<p><strong>DETAYLAR B\u0130RAZDAN&#8230;<\/strong><\/span><\/span><\/div>\n<\/p><\/div>\n<\/p><\/div>\n<\/div>\n<p><\/p>\n","protected":false},"excerpt":{"rendered":"<p>ING Bayanlar Basketbol Harika Ligi&#8217;nin 21. haftas\u0131nda Galatasaray \u00c7a\u011fda\u015f Faktoring deplasmanda Nesibe Ayd\u0131n&#8217;\u0131 97-73 ma\u011flup etti.<\/p>\n","protected":false},"author":1,"featured_media":18168,"comment_status":"open","ping_status":"open","sticky":false,"template":"","format":"standard","meta":{"footnotes":""},"categories":[10],"tags":[],"class_list":["post-18167","post","type-post","status-publish","format-standard","has-post-thumbnail","hentry","category-basketbol"],"_links":{"self":[{"href":"https:\/\/haberbesiktas.tr\/index.php?rest_route=\/wp\/v2\/posts\/18167","targetHints":{"allow":["GET"]}}],"collection":[{"href":"https:\/\/haberbesiktas.tr\/index.php?rest_route=\/wp\/v2\/posts"}],"about":[{"href":"https:\/\/haberbesiktas.tr\/index.php?rest_route=\/wp\/v2\/types\/post"}],"author":[{"embeddable":true,"href":"https:\/\/haberbesiktas.tr\/index.php?rest_route=\/wp\/v2\/users\/1"}],"replies":[{"embeddable":true,"href":"https:\/\/haberbesiktas.tr\/index.php?rest_route=%2Fwp%2Fv2%2Fcomments&post=18167"}],"version-history":[{"count":1,"href":"https:\/\/haberbesiktas.tr\/index.php?rest_route=\/wp\/v2\/posts\/18167\/revisions"}],"predecessor-version":[{"id":18169,"href":"https:\/\/haberbesiktas.tr\/index.php?rest_route=\/wp\/v2\/posts\/18167\/revisions\/18169"}],"wp:featuredmedia":[{"embeddable":true,"href":"https:\/\/haberbesiktas.tr\/index.php?rest_route=\/wp\/v2\/media\/18168"}],"wp:attachment":[{"href":"https:\/\/haberbesiktas.tr\/index.php?rest_route=%2Fwp%2Fv2%2Fmedia&parent=18167"}],"wp:term":[{"taxonomy":"category","embeddable":true,"href":"https:\/\/haberbesiktas.tr\/index.php?rest_route=%2Fwp%2Fv2%2Fcategories&post=18167"},{"taxonomy":"post_tag","embeddable":true,"href":"https:\/\/haberbesiktas.tr\/index.php?rest_route=%2Fwp%2Fv2%2Ftags&post=18167"}],"curies":[{"name":"wp","href":"https:\/\/api.w.org\/{rel}","templated":true}]}}