{"id":1817,"date":"2025-01-07T22:30:49","date_gmt":"2025-01-07T22:30:49","guid":{"rendered":"https:\/\/haberbesiktas.tr\/?p=1817"},"modified":"2025-01-07T22:30:49","modified_gmt":"2025-01-07T22:30:49","slug":"fatih-terimden-transfer-aciklamasi","status":"publish","type":"post","link":"https:\/\/haberbesiktas.tr\/?p=1817","title":{"rendered":"Fatih Terim&#8217;den transfer a\u00e7\u0131klamas\u0131"},"content":{"rendered":"<div>Al Shabab Teknik Y\u00f6neticisi Fatih Terim, 2-1 kazand\u0131klar\u0131 Al Fayha ma\u00e7\u0131n\u0131n akabinde a\u00e7\u0131klamalarda bulundu.<\/p>\n<p>Tak\u0131m\u0131yla birinci resmi ma\u00e7\u0131na \u00e7\u0131kan Terim, <strong>&#8220;<\/strong><span><span><strong>Neredeyse 10 gol ka\u00e7\u0131rd\u0131k. Birtak\u0131m teknik ve fiziki meselelerimiz var ve bu mevzularda \u00e7\u0131tam\u0131z\u0131 y\u00fckseltmemiz gerekiyor.&#8221;<\/strong> dedi.<\/p>\n<p>Transferi i\u015faret eden Terim, &#8220;<span><strong>Tak\u0131m\u0131n birtak\u0131m transferlerle desteklenmesi gerekiyor ve kul\u00fcp yetkililerinin de bu husus \u00fczerinde \u00e7al\u0131\u015ft\u0131\u011f\u0131n\u0131 \u00e7ok uygun biliyorum.&#8221;<\/strong> s\u00f6zlerini kulland\u0131.<\/p>\n<p><\/span><\/span><\/span> <\/p>\n<div>\u00a0<\/div>\n<p> <span><span><br \/><\/span><\/span><\/div>\n","protected":false},"excerpt":{"rendered":"<p>Al Shabab Teknik Y\u00f6neticisi Fatih Terim, Al Fayha ma\u00e7\u0131n\u0131n akabinde a\u00e7\u0131klamalarda bulundu.<\/p>\n","protected":false},"author":1,"featured_media":1818,"comment_status":"open","ping_status":"open","sticky":false,"template":"","format":"standard","meta":{"footnotes":""},"categories":[25],"tags":[],"class_list":["post-1817","post","type-post","status-publish","format-standard","has-post-thumbnail","hentry","category-futbol"],"_links":{"self":[{"href":"https:\/\/haberbesiktas.tr\/index.php?rest_route=\/wp\/v2\/posts\/1817","targetHints":{"allow":["GET"]}}],"collection":[{"href":"https:\/\/haberbesiktas.tr\/index.php?rest_route=\/wp\/v2\/posts"}],"about":[{"href":"https:\/\/haberbesiktas.tr\/index.php?rest_route=\/wp\/v2\/types\/post"}],"author":[{"embeddable":true,"href":"https:\/\/haberbesiktas.tr\/index.php?rest_route=\/wp\/v2\/users\/1"}],"replies":[{"embeddable":true,"href":"https:\/\/haberbesiktas.tr\/index.php?rest_route=%2Fwp%2Fv2%2Fcomments&post=1817"}],"version-history":[{"count":1,"href":"https:\/\/haberbesiktas.tr\/index.php?rest_route=\/wp\/v2\/posts\/1817\/revisions"}],"predecessor-version":[{"id":1819,"href":"https:\/\/haberbesiktas.tr\/index.php?rest_route=\/wp\/v2\/posts\/1817\/revisions\/1819"}],"wp:featuredmedia":[{"embeddable":true,"href":"https:\/\/haberbesiktas.tr\/index.php?rest_route=\/wp\/v2\/media\/1818"}],"wp:attachment":[{"href":"https:\/\/haberbesiktas.tr\/index.php?rest_route=%2Fwp%2Fv2%2Fmedia&parent=1817"}],"wp:term":[{"taxonomy":"category","embeddable":true,"href":"https:\/\/haberbesiktas.tr\/index.php?rest_route=%2Fwp%2Fv2%2Fcategories&post=1817"},{"taxonomy":"post_tag","embeddable":true,"href":"https:\/\/haberbesiktas.tr\/index.php?rest_route=%2Fwp%2Fv2%2Ftags&post=1817"}],"curies":[{"name":"wp","href":"https:\/\/api.w.org\/{rel}","templated":true}]}}