{"id":18188,"date":"2025-04-11T05:12:06","date_gmt":"2025-04-11T05:12:06","guid":{"rendered":"https:\/\/haberbesiktas.tr\/?p=18188"},"modified":"2025-04-11T05:12:06","modified_gmt":"2025-04-11T05:12:06","slug":"giovanni-van-bronckhorst-benim-icin-secenek-degil","status":"publish","type":"post","link":"https:\/\/haberbesiktas.tr\/?p=18188","title":{"rendered":"Giovanni van Bronckhorst: &#8220;Benim i\u00e7in se\u00e7enek de\u011fil&#8221;"},"content":{"rendered":"<div>Feyenoord, ge\u00e7ti\u011fimiz g\u00fcnlerde teknik y\u00f6neticisi Brian Priske ile yollar\u0131n\u0131 ay\u0131rd\u0131.<\/p>\n<p> Hollanda tak\u0131m\u0131nda teknik y\u00f6neticilik misyonu i\u00e7in ekibin eski hocas\u0131 Giovanni van Bronckhorst&#8217;un ismi da g\u00fcndeme geldi.<\/p>\n<p><strong>&#8220;BEN\u0130M \u0130\u00c7\u0130N SE\u00c7ENEK DE\u011e\u0130L&#8221;<\/strong><\/p>\n<p> Giovanni van Bronckhorst ise yapt\u0131\u011f\u0131 a\u00e7\u0131klamada Feyenoord&#8217;a geri d\u00f6n\u00fc\u015fe kap\u0131y\u0131 kapatt\u0131.<\/p>\n<p> Hollandal\u0131 teknik adam, Feyenoord&#8217;a geri d\u00f6n\u00fc\u015f\u00fc i\u00e7in gelen soruya, <strong>&#8220;Feyenoord ile ya\u015fad\u0131\u011f\u0131m t\u00fcm \u015fahane anlara k\u0131ymet veriyorum fakat benim i\u00e7in bu bir se\u00e7enek de\u011fil.&#8221;<\/strong> kar\u015f\u0131l\u0131\u011f\u0131n\u0131 verdi.<\/p>\n<p><strong>BE\u015e\u0130KTA\u015e PERFORMANSI<\/strong><\/p>\n<p> Giovanni van Bronckhorst, 2015-2019 y\u0131llar\u0131 ortas\u0131nda Feyenoord&#8217;u \u00e7al\u0131\u015ft\u0131rm\u0131\u015f ve Hollanda grubunda toplamda 5 defa kupa sevinci ya\u015fam\u0131\u015ft\u0131.<\/p>\n<p> Temmuz &#8211; Kas\u0131m 2024 tarihleri ortas\u0131nda Be\u015fikta\u015f&#8217;ta misyon yapan 50 ya\u015f\u0131ndaki teknik adam, siyah-beyazl\u0131lar\u0131n ba\u015f\u0131nda 20 ma\u00e7ta 10 galibiyet, 4 beraberlik ve 6 hezimet ya\u015fad\u0131.<\/p>\n<\/div>\n<p><\/p>\n","protected":false},"excerpt":{"rendered":"<p>Feyenoord ile ismi ge\u00e7en Giovanni van Bronckhorst, eski grubuna geri d\u00f6nmenin kendisi i\u00e7in bir se\u00e7enek olmad\u0131\u011f\u0131n\u0131 s\u00f6yledi.<\/p>\n","protected":false},"author":1,"featured_media":18189,"comment_status":"open","ping_status":"open","sticky":false,"template":"","format":"standard","meta":{"footnotes":""},"categories":[25],"tags":[],"class_list":["post-18188","post","type-post","status-publish","format-standard","has-post-thumbnail","hentry","category-futbol"],"_links":{"self":[{"href":"https:\/\/haberbesiktas.tr\/index.php?rest_route=\/wp\/v2\/posts\/18188","targetHints":{"allow":["GET"]}}],"collection":[{"href":"https:\/\/haberbesiktas.tr\/index.php?rest_route=\/wp\/v2\/posts"}],"about":[{"href":"https:\/\/haberbesiktas.tr\/index.php?rest_route=\/wp\/v2\/types\/post"}],"author":[{"embeddable":true,"href":"https:\/\/haberbesiktas.tr\/index.php?rest_route=\/wp\/v2\/users\/1"}],"replies":[{"embeddable":true,"href":"https:\/\/haberbesiktas.tr\/index.php?rest_route=%2Fwp%2Fv2%2Fcomments&post=18188"}],"version-history":[{"count":1,"href":"https:\/\/haberbesiktas.tr\/index.php?rest_route=\/wp\/v2\/posts\/18188\/revisions"}],"predecessor-version":[{"id":18190,"href":"https:\/\/haberbesiktas.tr\/index.php?rest_route=\/wp\/v2\/posts\/18188\/revisions\/18190"}],"wp:featuredmedia":[{"embeddable":true,"href":"https:\/\/haberbesiktas.tr\/index.php?rest_route=\/wp\/v2\/media\/18189"}],"wp:attachment":[{"href":"https:\/\/haberbesiktas.tr\/index.php?rest_route=%2Fwp%2Fv2%2Fmedia&parent=18188"}],"wp:term":[{"taxonomy":"category","embeddable":true,"href":"https:\/\/haberbesiktas.tr\/index.php?rest_route=%2Fwp%2Fv2%2Fcategories&post=18188"},{"taxonomy":"post_tag","embeddable":true,"href":"https:\/\/haberbesiktas.tr\/index.php?rest_route=%2Fwp%2Fv2%2Ftags&post=18188"}],"curies":[{"name":"wp","href":"https:\/\/api.w.org\/{rel}","templated":true}]}}