{"id":18191,"date":"2025-04-11T05:24:07","date_gmt":"2025-04-11T05:24:07","guid":{"rendered":"https:\/\/haberbesiktas.tr\/?p=18191"},"modified":"2025-04-11T05:24:07","modified_gmt":"2025-04-11T05:24:07","slug":"tugva-3x3-basketbol-turnuvasi-istanbulda-basladi","status":"publish","type":"post","link":"https:\/\/haberbesiktas.tr\/?p=18191","title":{"rendered":"T\u00dcGVA 3&#215;3 Basketbol Turnuvas\u0131 \u0130stanbul&#8217;da ba\u015flad\u0131"},"content":{"rendered":"<div>\n<p>T\u00fcrkiye Gen\u00e7lik Vakf\u0131n\u0131n (T\u00dcGVA) d\u00fczenlendi\u011fi 3&#215;3 Basketbol Turnuvas\u0131 \u0130stanbul&#8217;da ba\u015flad\u0131.<\/p>\n<p> T\u00dcGVA Genel Merkezi&#8217;nde 13-15 \u015eubat tarihlerinde ger\u00e7ekle\u015ftirilecek turnuvan\u0131n a\u00e7\u0131l\u0131\u015f\u0131na T\u00dcGVA y\u00f6neticisi Enes Kayaba\u015f\u0131, bir periyot Amerikan Basketbol Ligi&#8217;nde (NBA) de forma giyen eski ulusal basketbolcu Furkan Aldemir ve davetliler kat\u0131ld\u0131.<\/p>\n<p> T\u00dcGVA y\u00f6neticisi Enes Kayaba\u015f\u0131, turnuvaya a\u011f\u0131r ilgi oldu\u011funu ve bu durum kar\u015f\u0131s\u0131nda s\u0131k\u0131 bir halde \u00e7al\u0131\u015ft\u0131klar\u0131n\u0131 belirterek, <strong>&#8220;\u00dclkemizin en geni\u015f i\u015ftirakli 3&#215;3 basketbol turnuvas\u0131 bug\u00fcn burada ba\u015flad\u0131. Atlet karde\u015flerimizin yan\u0131nda olmaya \u00e7aba ediyoruz. T\u00dcGVA olarak bu y\u0131l ikincisini d\u00fczenliyoruz. Klasik hale getirmeyi d\u00fc\u015f\u00fcnd\u00fc\u011f\u00fcm\u00fcz turnuvan\u0131n a\u00e7\u0131l\u0131\u015f\u0131n\u0131 Furkan Aldemir&#8217;in i\u015ftirakiyle ger\u00e7ekle\u015ftiriyoruz. T\u00dcGVA olarak spor faaliyetlerini \u00e7ok \u00f6nemsiyoruz. Gen\u00e7 Lig projemiz kapsam\u0131nda \u0130stanbul&#8217;da yapt\u0131\u011f\u0131m\u0131z lansmana y\u00fcksek isti\u015fare kurulu \u00fcyemiz Bilal Erdo\u011fan, genel liderimiz \u0130brahim Be\u015finci, Mesut \u00d6zil, Moussa Sow \u00fczere sportmenler kat\u0131lm\u0131\u015ft\u0131. Projemiz, \u00fclkemizin d\u00f6rt bir yan\u0131nda devam ediyor.&#8221;<\/strong> tabirlerini kulland\u0131.<\/p>\n<p> Toplamda 110 grubun u\u011fra\u015f edece\u011fi turnuva sonunda birinci olan tak\u0131m\u0131n her bir oyuncusuna 40&#8217;ar bin lira \u00f6d\u00fcl verilecek. Tertipte ikinciye 30&#8217;ar, \u00fc\u00e7\u00fcnc\u00fcye ise 20&#8217;\u015fer bin lira bedelinde ikram \u00e7eki takdim edilecek.<\/p>\n<\/div>\n<p><\/p>\n","protected":false},"excerpt":{"rendered":"<p>T\u00dcGVA 3&#215;3 Basketbol Turnuvas\u0131, 110 grubun i\u015ftirakiyle \u0130stanbul&#8217;da ba\u015flad\u0131.<\/p>\n","protected":false},"author":1,"featured_media":18192,"comment_status":"open","ping_status":"open","sticky":false,"template":"","format":"standard","meta":{"footnotes":""},"categories":[10],"tags":[1622,1251],"class_list":["post-18191","post","type-post","status-publish","format-standard","has-post-thumbnail","hentry","category-basketbol","tag-tugva","tag-turnuva"],"_links":{"self":[{"href":"https:\/\/haberbesiktas.tr\/index.php?rest_route=\/wp\/v2\/posts\/18191","targetHints":{"allow":["GET"]}}],"collection":[{"href":"https:\/\/haberbesiktas.tr\/index.php?rest_route=\/wp\/v2\/posts"}],"about":[{"href":"https:\/\/haberbesiktas.tr\/index.php?rest_route=\/wp\/v2\/types\/post"}],"author":[{"embeddable":true,"href":"https:\/\/haberbesiktas.tr\/index.php?rest_route=\/wp\/v2\/users\/1"}],"replies":[{"embeddable":true,"href":"https:\/\/haberbesiktas.tr\/index.php?rest_route=%2Fwp%2Fv2%2Fcomments&post=18191"}],"version-history":[{"count":1,"href":"https:\/\/haberbesiktas.tr\/index.php?rest_route=\/wp\/v2\/posts\/18191\/revisions"}],"predecessor-version":[{"id":18193,"href":"https:\/\/haberbesiktas.tr\/index.php?rest_route=\/wp\/v2\/posts\/18191\/revisions\/18193"}],"wp:featuredmedia":[{"embeddable":true,"href":"https:\/\/haberbesiktas.tr\/index.php?rest_route=\/wp\/v2\/media\/18192"}],"wp:attachment":[{"href":"https:\/\/haberbesiktas.tr\/index.php?rest_route=%2Fwp%2Fv2%2Fmedia&parent=18191"}],"wp:term":[{"taxonomy":"category","embeddable":true,"href":"https:\/\/haberbesiktas.tr\/index.php?rest_route=%2Fwp%2Fv2%2Fcategories&post=18191"},{"taxonomy":"post_tag","embeddable":true,"href":"https:\/\/haberbesiktas.tr\/index.php?rest_route=%2Fwp%2Fv2%2Ftags&post=18191"}],"curies":[{"name":"wp","href":"https:\/\/api.w.org\/{rel}","templated":true}]}}