{"id":18197,"date":"2025-04-11T05:48:05","date_gmt":"2025-04-11T05:48:05","guid":{"rendered":"https:\/\/haberbesiktas.tr\/?p=18197"},"modified":"2025-04-11T05:48:05","modified_gmt":"2025-04-11T05:48:05","slug":"rolfesten-wirtz-icin-bayern-munih-yaniti","status":"publish","type":"post","link":"https:\/\/haberbesiktas.tr\/?p=18197","title":{"rendered":"Rolfes&#8217;ten Wirtz i\u00e7in Bayern M\u00fcnih yan\u0131t\u0131!"},"content":{"rendered":"<div>Bayer Leverkusen Sportif Y\u00f6neticisi Simon Rolfes, 15 \u015eubat&#8217;ta Bayern M\u00fcnih ile oynayacaklar\u0131 ma\u00e7 \u00f6ncesi Florian Wirtz ile ilgili konu\u015ftu.<\/p>\n<p><strong>&#8220;BU YEN\u0130 B\u0130R TAKT\u0130K DE\u011e\u0130L&#8221;<\/strong><\/p>\n<p> Ma\u00e7 \u00f6ncesi Florian Wirtz i\u00e7in Bayern M\u00fcnih haberlerinin \u00e7\u0131kmas\u0131n\u0131 pahaland\u0131ran Rolfes, <strong>&#8220;Beni beni ilgilendirmiyor, bizi etkileyen bir husus de\u011fil. 10 ya\u015f\u0131mda mecmua okudu\u011fumda da Bayern M\u00fcnih&#8217;in ma\u00e7lardan evvel daima bu t\u00fcrl\u00fc yapt\u0131\u011f\u0131n\u0131 fark etmi\u015ftim! Yeni bir taktik de\u011fil! Florian&#8217;un uzun vakittir t\u00fcm Avrupa&#8217;da dikkat \u00e7eken bir oyuncu oldu\u011funu biliyoruz, bu yeni bir \u015fey de\u011fil.&#8221;<\/strong> cevab\u0131n\u0131 verdi.<\/p>\n<p> Bayern M\u00fcnih&#8217;in y\u00f6netim kurulu \u00fcyelerinden Uli Hoeness, ge\u00e7ti\u011fimiz g\u00fcnlerde, &#8220;<strong>Florian Wirtz ile kontrat imzalamak istiyoruz lakin i\u015fin i\u00e7inde \u00fc\u00e7 taraf var. Hala Leverkusen ile uzun vadeli bir kontrat\u0131 bulunuyor. Baht\u0131m\u0131z\u0131 y\u00fczde 10 olarak g\u00f6r\u00fcyorum.&#8221;<\/strong> halinde konu\u015fmu\u015ftu.<\/p>\n<p><strong>BU D\u00d6NEM PERFORMANSI<\/strong><\/p>\n<p> Bayer Leverkusen ile 2027 y\u0131l\u0131na kadar devam eden 21 ya\u015f\u0131ndaki futbolcu, bu d\u00f6nem \u00e7\u0131kt\u0131\u011f\u0131 34 ma\u00e7ta 15 gol att\u0131 ve 12 asist yapt\u0131.<\/p>\n<p> Bayer Leverkusen ile Bayern M\u00fcnih, Almanya Bundesliga&#8217;da 15 \u015eubat Cumartesi g\u00fcn\u00fc kar\u015f\u0131 kar\u015f\u0131ya gelecek.<\/p>\n<\/div>\n<p><\/p>\n","protected":false},"excerpt":{"rendered":"<p>Bayer Leverkusen Sportif Y\u00f6neticisi Simon Rolfes, Florian Wirtz i\u00e7in \u00e7\u0131kan Bayer M\u00fcnih haberlerini k\u0131ymetlendirdi.<\/p>\n","protected":false},"author":1,"featured_media":18198,"comment_status":"open","ping_status":"open","sticky":false,"template":"","format":"standard","meta":{"footnotes":""},"categories":[25],"tags":[1171],"class_list":["post-18197","post","type-post","status-publish","format-standard","has-post-thumbnail","hentry","category-futbol","tag-bayern-munih"],"_links":{"self":[{"href":"https:\/\/haberbesiktas.tr\/index.php?rest_route=\/wp\/v2\/posts\/18197","targetHints":{"allow":["GET"]}}],"collection":[{"href":"https:\/\/haberbesiktas.tr\/index.php?rest_route=\/wp\/v2\/posts"}],"about":[{"href":"https:\/\/haberbesiktas.tr\/index.php?rest_route=\/wp\/v2\/types\/post"}],"author":[{"embeddable":true,"href":"https:\/\/haberbesiktas.tr\/index.php?rest_route=\/wp\/v2\/users\/1"}],"replies":[{"embeddable":true,"href":"https:\/\/haberbesiktas.tr\/index.php?rest_route=%2Fwp%2Fv2%2Fcomments&post=18197"}],"version-history":[{"count":1,"href":"https:\/\/haberbesiktas.tr\/index.php?rest_route=\/wp\/v2\/posts\/18197\/revisions"}],"predecessor-version":[{"id":18199,"href":"https:\/\/haberbesiktas.tr\/index.php?rest_route=\/wp\/v2\/posts\/18197\/revisions\/18199"}],"wp:featuredmedia":[{"embeddable":true,"href":"https:\/\/haberbesiktas.tr\/index.php?rest_route=\/wp\/v2\/media\/18198"}],"wp:attachment":[{"href":"https:\/\/haberbesiktas.tr\/index.php?rest_route=%2Fwp%2Fv2%2Fmedia&parent=18197"}],"wp:term":[{"taxonomy":"category","embeddable":true,"href":"https:\/\/haberbesiktas.tr\/index.php?rest_route=%2Fwp%2Fv2%2Fcategories&post=18197"},{"taxonomy":"post_tag","embeddable":true,"href":"https:\/\/haberbesiktas.tr\/index.php?rest_route=%2Fwp%2Fv2%2Ftags&post=18197"}],"curies":[{"name":"wp","href":"https:\/\/api.w.org\/{rel}","templated":true}]}}