{"id":18200,"date":"2025-04-11T06:00:07","date_gmt":"2025-04-11T06:00:07","guid":{"rendered":"https:\/\/haberbesiktas.tr\/?p=18200"},"modified":"2025-04-11T06:00:07","modified_gmt":"2025-04-11T06:00:07","slug":"sait-karafirtinalar-kazanmamiz-gereken-maci-heba-ettik","status":"publish","type":"post","link":"https:\/\/haberbesiktas.tr\/?p=18200","title":{"rendered":"Sait Karaf\u0131rt\u0131nalar: &#8220;Kazanmam\u0131z gereken ma\u00e7\u0131 heba ettik&#8221;"},"content":{"rendered":"<div>\n<p>Trendyol 1. Lig&#8217;in 24. haftas\u0131nda alan\u0131nda Sakaryaspor&#8217;a 1-0 yenilen \u015eanl\u0131urfaspor&#8217;da teknik y\u00f6netici Sait Karaf\u0131rt\u0131nalar, yenilgi nedeniyle \u00fczg\u00fcn olduklar\u0131n\u0131 s\u00f6yledi.\u00a0<\/p>\n<p> M\u00fcsabakan\u0131n akabinde d\u00fczenlenen bas\u0131n toplant\u0131s\u0131nda a\u00e7\u0131klamada bulunan Karaf\u0131rt\u0131nalar, rakiplerini tebrik ederek, ma\u00e7tan gereken dersleri \u00e7\u0131karacaklar\u0131n\u0131 lisana getirdi.<\/p>\n<p> Gelecek ma\u00e7lara odaklanmak zorunda olduklar\u0131n\u0131 anlatan Karaf\u0131rt\u0131nalar, \u015funlar\u0131 kaydetti:<\/p>\n<p> &#8220;Mutlaka kazanmam\u0131z gereken bir ma\u00e7t\u0131 lakin maalesef heba ettik. Hi\u00e7 durum olmadan \u00fcst \u00fcste yanl\u0131\u015flarla rakibe ma\u00e7\u0131 verdik. Ge\u00e7en hafta da \u00e2l\u00e2 oynad\u0131\u011f\u0131m\u0131z deplasmanda son anda yedi\u011fimiz penalt\u0131 sonucu belirledi. Ferd\u00ee kusurlar, d\u00fc\u015fmeye oynayan ekipleri s\u0131k\u0131nt\u0131 durumda b\u0131rak\u0131yor. Buradan ekibimiz kesinlikle toparlanacakt\u0131r. Futbolcular\u0131m ikinci yar\u0131da de\u011ferli oyun ortaya koydu fakat yetmedi. Karag\u00fcmr\u00fck ve Kocaeli ma\u00e7lar\u0131 s\u0131k\u0131nt\u0131 olacak. En az kay\u0131pla ayr\u0131l\u0131p yolumuza devam etmemiz gerekiyor.&#8221;<\/p>\n<\/div>\n<p><\/p>\n","protected":false},"excerpt":{"rendered":"<p>\u015eanl\u0131urfaspor Teknik Y\u00f6neticisi Sait Karaf\u0131rt\u0131nalar, Sakaryaspor ma\u00e7\u0131n\u0131n akabinde a\u00e7\u0131klamalarrda bulundu.<\/p>\n","protected":false},"author":1,"featured_media":18201,"comment_status":"open","ping_status":"open","sticky":false,"template":"","format":"standard","meta":{"footnotes":""},"categories":[25],"tags":[],"class_list":["post-18200","post","type-post","status-publish","format-standard","has-post-thumbnail","hentry","category-futbol"],"_links":{"self":[{"href":"https:\/\/haberbesiktas.tr\/index.php?rest_route=\/wp\/v2\/posts\/18200","targetHints":{"allow":["GET"]}}],"collection":[{"href":"https:\/\/haberbesiktas.tr\/index.php?rest_route=\/wp\/v2\/posts"}],"about":[{"href":"https:\/\/haberbesiktas.tr\/index.php?rest_route=\/wp\/v2\/types\/post"}],"author":[{"embeddable":true,"href":"https:\/\/haberbesiktas.tr\/index.php?rest_route=\/wp\/v2\/users\/1"}],"replies":[{"embeddable":true,"href":"https:\/\/haberbesiktas.tr\/index.php?rest_route=%2Fwp%2Fv2%2Fcomments&post=18200"}],"version-history":[{"count":1,"href":"https:\/\/haberbesiktas.tr\/index.php?rest_route=\/wp\/v2\/posts\/18200\/revisions"}],"predecessor-version":[{"id":18202,"href":"https:\/\/haberbesiktas.tr\/index.php?rest_route=\/wp\/v2\/posts\/18200\/revisions\/18202"}],"wp:featuredmedia":[{"embeddable":true,"href":"https:\/\/haberbesiktas.tr\/index.php?rest_route=\/wp\/v2\/media\/18201"}],"wp:attachment":[{"href":"https:\/\/haberbesiktas.tr\/index.php?rest_route=%2Fwp%2Fv2%2Fmedia&parent=18200"}],"wp:term":[{"taxonomy":"category","embeddable":true,"href":"https:\/\/haberbesiktas.tr\/index.php?rest_route=%2Fwp%2Fv2%2Fcategories&post=18200"},{"taxonomy":"post_tag","embeddable":true,"href":"https:\/\/haberbesiktas.tr\/index.php?rest_route=%2Fwp%2Fv2%2Ftags&post=18200"}],"curies":[{"name":"wp","href":"https:\/\/api.w.org\/{rel}","templated":true}]}}