{"id":18203,"date":"2025-04-11T06:12:07","date_gmt":"2025-04-11T06:12:07","guid":{"rendered":"https:\/\/haberbesiktas.tr\/?p=18203"},"modified":"2025-04-11T06:12:07","modified_gmt":"2025-04-11T06:12:07","slug":"galatasaray-basantrenoru-yakup-sekizkok-kupada-sampiyonlugu-hedefliyor","status":"publish","type":"post","link":"https:\/\/haberbesiktas.tr\/?p=18203","title":{"rendered":"Galatasaray Ba\u015fantren\u00f6r\u00fc Yakup Sekizk\u00f6k, Kupa&#8217;da \u015fampiyonlu\u011fu hedefliyor"},"content":{"rendered":"<div>\n<p>Galatasaray Ba\u015fantren\u00f6r\u00fc Yakup Sekizk\u00f6k, Basketbol Erkekler ING T\u00fcrkiye Kupas\u0131 D\u00f6rtl\u00fc Finali&#8217;nde yar\u0131n Fenerbah\u00e7e Beko ile yapacaklar\u0131 ma\u00e7tan galip ayr\u0131l\u0131p sonras\u0131nda kupaya uzanmak istediklerini belirtti.\u00a0<\/p>\n<p> Ba\u015fantren\u00f6r Yakup Sekizk\u00f6k, saat 20.30&#8217;da ba\u015flayacak m\u00fcsabakan\u0131n yap\u0131laca\u011f\u0131 11 Nisan Spor Salonu&#8217;nda bas\u0131n mensuplar\u0131na a\u00e7\u0131klamalarda bulundu.<\/p>\n<p> <em><strong>Yakup Sekizk\u00f6k, Fenerbah\u00e7e Beko&#8217;ya kar\u015f\u0131 son oynad\u0131klar\u0131 ve 95-81 kaybettikleri ma\u00e7ta \u00e7ok fazla sakat oyuncular\u0131 oldu\u011funu belirterek, \u015funlar\u0131 s\u00f6yledi:\u00a0<\/strong><\/em><\/p>\n<p> &#8220;Sakatl\u0131k bizim i\u015fimizin bir kesimi. Bu turnuvaya tam tak\u0131m gelmek isterdik. Tekrar de tam tak\u0131m geldik lakin kimi oyuncular\u0131m\u0131z y\u00fczde y\u00fcz haz\u0131r de\u011fil ancak bu da bir ad\u0131m. En az\u0131ndan yar\u0131n b\u00fct\u00fcn k\u0131ymetli oyuncular\u0131m\u0131z tak\u0131mda olacak. Fenerbah\u00e7e Beko, son ma\u00e7ta bize kar\u015f\u0131 d\u0131\u015f at\u0131\u015flardan \u00e7ok fazla isabet buldu. Bunu engellemeye \u00e7al\u0131\u015faca\u011f\u0131z. Al\u00e7ak post yoluyla bize atak yapm\u0131\u015flard\u0131. Bu noktada da birtak\u0131m haz\u0131rl\u0131klar\u0131m\u0131z oldu. Her ma\u00e7 y\u00fcksek skorlara ula\u015fan bir ekibiz. Rastgele bir ekstra ayr\u0131nt\u0131ya tak\u0131lmadan kendi basketbolumuzu alana yans\u0131tmaya \u00e7al\u0131\u015faca\u011f\u0131z.&#8221;\u00a0<\/p>\n<p> Galatasaray, Fenerbah\u00e7e ve Be\u015fikta\u015f&#8217;\u0131n D\u00f6rtl\u00fc Final&#8217;de oynayacak olmas\u0131n\u0131n de\u011ferli oldu\u011funa de\u011finen Sekizk\u00f6k, <strong>&#8220;Bu gruplar\u0131n u\u011fra\u015f etti\u011fi bran\u015flarda tezli olmas\u0131, sporun \u00fclkedeki geli\u015fimi i\u00e7in \u00e7ok de\u011ferli. Bu durum da bu y\u00fczden bir f\u0131rsat yarat\u0131yor. Eski\u015fehir&#8217;de de tekrar benzeri bir turnuva olmu\u015ftu. Orada da misal bir bi\u00e7imde Galatasaray, Fenerbah\u00e7e ve Be\u015fikta\u015f, yar\u0131 finale birlikte \u00e7\u0131km\u0131\u015flard\u0131. Yaln\u0131zca basketbolda de\u011fil, \u00f6b\u00fcr bran\u015flarda da b\u00fcy\u00fck taraftar dayana\u011f\u0131na sahip kul\u00fcplerin tezli olmas\u0131 k\u0131ymetli. Biz, bu ezeli rekabette evvel yar\u0131n kazan\u0131p sonras\u0131nda finalde kupaya uzanmak istiyoruz.&#8221;<\/strong> tabirlerini kulland\u0131.\u00a0<\/p>\n<p> <strong>&#8211; Fenerbah\u00e7e Beko ma\u00e7\u0131 haz\u0131rl\u0131klar\u0131 ba\u015flad\u0131<\/strong><\/p>\n<p> Galatasaray, Fenerbah\u00e7e Beko ma\u00e7\u0131n\u0131n haz\u0131rl\u0131klar\u0131na ba\u015fantren\u00f6r Yakup Sekizk\u00f6k y\u00f6netiminde11 Nisan Spor Salonu&#8217;nda yapt\u0131\u011f\u0131 idmanla ba\u015flad\u0131.<\/p>\n<p> Sar\u0131-k\u0131rm\u0131z\u0131l\u0131lar, 14 \u015eubat Cuma g\u00fcn\u00fc sabah yapaca\u011f\u0131 idmanla m\u00fcsabakan\u0131n haz\u0131rl\u0131klar\u0131n\u0131 tamamlayacak.<\/p>\n<\/div>\n<p><\/p>\n","protected":false},"excerpt":{"rendered":"<p>Ba\u015fantren\u00f6r Yakup Sekizk\u00f6k, Fenerbah\u00e7e Beko ma\u00e7\u0131 \u00f6ncesinde a\u00e7\u0131klamalarda bulundu.<\/p>\n","protected":false},"author":1,"featured_media":18204,"comment_status":"open","ping_status":"open","sticky":false,"template":"","format":"standard","meta":{"footnotes":""},"categories":[10],"tags":[122,466,50,1745],"class_list":["post-18203","post","type-post","status-publish","format-standard","has-post-thumbnail","hentry","category-basketbol","tag-fenerbahce-beko","tag-hazir","tag-mac","tag-sekizkok"],"_links":{"self":[{"href":"https:\/\/haberbesiktas.tr\/index.php?rest_route=\/wp\/v2\/posts\/18203","targetHints":{"allow":["GET"]}}],"collection":[{"href":"https:\/\/haberbesiktas.tr\/index.php?rest_route=\/wp\/v2\/posts"}],"about":[{"href":"https:\/\/haberbesiktas.tr\/index.php?rest_route=\/wp\/v2\/types\/post"}],"author":[{"embeddable":true,"href":"https:\/\/haberbesiktas.tr\/index.php?rest_route=\/wp\/v2\/users\/1"}],"replies":[{"embeddable":true,"href":"https:\/\/haberbesiktas.tr\/index.php?rest_route=%2Fwp%2Fv2%2Fcomments&post=18203"}],"version-history":[{"count":1,"href":"https:\/\/haberbesiktas.tr\/index.php?rest_route=\/wp\/v2\/posts\/18203\/revisions"}],"predecessor-version":[{"id":18205,"href":"https:\/\/haberbesiktas.tr\/index.php?rest_route=\/wp\/v2\/posts\/18203\/revisions\/18205"}],"wp:featuredmedia":[{"embeddable":true,"href":"https:\/\/haberbesiktas.tr\/index.php?rest_route=\/wp\/v2\/media\/18204"}],"wp:attachment":[{"href":"https:\/\/haberbesiktas.tr\/index.php?rest_route=%2Fwp%2Fv2%2Fmedia&parent=18203"}],"wp:term":[{"taxonomy":"category","embeddable":true,"href":"https:\/\/haberbesiktas.tr\/index.php?rest_route=%2Fwp%2Fv2%2Fcategories&post=18203"},{"taxonomy":"post_tag","embeddable":true,"href":"https:\/\/haberbesiktas.tr\/index.php?rest_route=%2Fwp%2Fv2%2Ftags&post=18203"}],"curies":[{"name":"wp","href":"https:\/\/api.w.org\/{rel}","templated":true}]}}