{"id":18228,"date":"2025-04-11T07:48:08","date_gmt":"2025-04-11T07:48:08","guid":{"rendered":"https:\/\/haberbesiktas.tr\/?p=18228"},"modified":"2025-04-11T07:48:08","modified_gmt":"2025-04-11T07:48:08","slug":"tadic-rekor-kirdi-dzeko-onu-gecti","status":"publish","type":"post","link":"https:\/\/haberbesiktas.tr\/?p=18228","title":{"rendered":"Tadic rekor k\u0131rd\u0131; Dzeko onu ge\u00e7ti!"},"content":{"rendered":"<div>UEFA Avrupa Ligi play-off birinci ma\u00e7\u0131nda Anderlecht ile kar\u015f\u0131la\u015fan Fenerbah\u00e7e&#8217;de art geriye iki rekor k\u0131r\u0131ld\u0131.<\/p>\n<p>Anderlecht a\u011flar\u0131n\u0131 11. dakikada a\u011flar\u0131 havaland\u0131ran Tadic, Fenerbah\u00e7e formas\u0131yla Avrupa kupalar\u0131n\u0131n k\u00fcme sonras\u0131 etaplar\u0131nda gol atan en ya\u015fl\u0131 oyuncu oldu (36 ya\u015f 85 g\u00fcn)<\/p>\n<p> \u00d6te yandan Tadic&#8217;e asisti yapan Yusuf Ak\u00e7i\u00e7ek de mesle\u011findeki birinci asistini yapt\u0131.<\/p>\n<p> <strong>EDIN DZEKO, TADIC&#8217;\u0130 GE\u00c7T\u0130<\/strong><\/p>\n<p> Fenerbah\u00e7e, 42. dakikada Edin Dzeko ile Anderlecht kar\u015f\u0131s\u0131nda fark\u0131 ikiye \u00e7\u0131kard\u0131.<\/p>\n<p> Dzeko, bu gol\u00fcyle birlikte Dusan Tadic&#8217;in rekorunu geride b\u0131rakt\u0131.<\/p>\n<p> Fenerbah\u00e7e&#8217;nin Anderlecht kar\u015f\u0131s\u0131ndaki ikinci gol\u00fcn\u00fc atan Edin Dzeko, Dusan Tadic&#8217;i geride b\u0131rakarak sar\u0131-lacivertli formayla Avrupa kupalar\u0131n\u0131n k\u00fcme sonras\u0131 a\u015fmalar\u0131nda gol atan en ya\u015fl\u0131 isim oldu (38 ya\u015f 333 g\u00fcn).<\/p>\n<p>https:\/\/twitter.com\/sporxtv\/status\/1890098470448689254<\/p>\n<p>https:\/\/twitter.com\/sporxtv\/status\/1890106532161024136<\/p>\n<\/p><\/div>\n<p><\/p>\n","protected":false},"excerpt":{"rendered":"<p>Anderlecht a\u011flar\u0131n\u0131 havaland\u0131ran Dusan Tadic (36 ya\u015f 85 g\u00fcn) , Fenerbah\u00e7e formas\u0131yla Avrupa kupalar\u0131n\u0131n k\u00fcme sonras\u0131 basamaklar\u0131nda gol atan en ya\u015fl\u0131 oyuncu oldu. Anderlecht&#8217;e ikinci gol\u00fc atan Dzeko, Tadic&#8217;in rekorunu geride b\u0131rakt\u0131.<\/p>\n","protected":false},"author":1,"featured_media":18230,"comment_status":"open","ping_status":"open","sticky":false,"template":"","format":"standard","meta":{"footnotes":""},"categories":[25],"tags":[],"class_list":["post-18228","post","type-post","status-publish","format-standard","has-post-thumbnail","hentry","category-futbol"],"_links":{"self":[{"href":"https:\/\/haberbesiktas.tr\/index.php?rest_route=\/wp\/v2\/posts\/18228","targetHints":{"allow":["GET"]}}],"collection":[{"href":"https:\/\/haberbesiktas.tr\/index.php?rest_route=\/wp\/v2\/posts"}],"about":[{"href":"https:\/\/haberbesiktas.tr\/index.php?rest_route=\/wp\/v2\/types\/post"}],"author":[{"embeddable":true,"href":"https:\/\/haberbesiktas.tr\/index.php?rest_route=\/wp\/v2\/users\/1"}],"replies":[{"embeddable":true,"href":"https:\/\/haberbesiktas.tr\/index.php?rest_route=%2Fwp%2Fv2%2Fcomments&post=18228"}],"version-history":[{"count":1,"href":"https:\/\/haberbesiktas.tr\/index.php?rest_route=\/wp\/v2\/posts\/18228\/revisions"}],"predecessor-version":[{"id":18231,"href":"https:\/\/haberbesiktas.tr\/index.php?rest_route=\/wp\/v2\/posts\/18228\/revisions\/18231"}],"wp:featuredmedia":[{"embeddable":true,"href":"https:\/\/haberbesiktas.tr\/index.php?rest_route=\/wp\/v2\/media\/18230"}],"wp:attachment":[{"href":"https:\/\/haberbesiktas.tr\/index.php?rest_route=%2Fwp%2Fv2%2Fmedia&parent=18228"}],"wp:term":[{"taxonomy":"category","embeddable":true,"href":"https:\/\/haberbesiktas.tr\/index.php?rest_route=%2Fwp%2Fv2%2Fcategories&post=18228"},{"taxonomy":"post_tag","embeddable":true,"href":"https:\/\/haberbesiktas.tr\/index.php?rest_route=%2Fwp%2Fv2%2Ftags&post=18228"}],"curies":[{"name":"wp","href":"https:\/\/api.w.org\/{rel}","templated":true}]}}