{"id":1823,"date":"2025-01-07T22:54:48","date_gmt":"2025-01-07T22:54:48","guid":{"rendered":"https:\/\/haberbesiktas.tr\/?p=1823"},"modified":"2025-01-07T22:54:48","modified_gmt":"2025-01-07T22:54:48","slug":"kolo-muaniye-avrupa-radari","status":"publish","type":"post","link":"https:\/\/haberbesiktas.tr\/?p=1823","title":{"rendered":"Kolo Muani&#8217;ye Avrupa radar\u0131"},"content":{"rendered":"<div>Avrupa kul\u00fcplerinde transfer \u00e7al\u0131\u015fmalar\u0131 s\u00fcratle s\u00fcr\u00fcyor.\u00a0<\/p>\n<p>Ocak ay\u0131nda kul\u00fcb\u00fcnde ayr\u0131lmas\u0131na kesin g\u00f6z\u00fcyle bak\u0131lan isimlerden bir tanesi ise Paris Saint Germain formas\u0131 giyen Randal Kolo Muani.<\/p>\n<p>Fabrizio Romano&#8217;ya nazaran Frans\u0131z y\u0131ld\u0131z, bu transfer devrinde PSG&#8217;den ayr\u0131lacak.\u00a0<\/p>\n<p><strong>AVRUPA&#8217;DAN B\u0130R\u00c7OK KUL\u00dcP \u0130LG\u0130LEN\u0130YOR<\/strong><\/p>\n<p>26 ya\u015f\u0131ndaki forvet oyuncusu ile ilgilenen kul\u00fcpler ortas\u0131nda Juventus, Tottenham ve Manchester United da bulunuyor.<\/p>\n<p><strong>GALATASARAY DA \u0130LG\u0130LENM\u0130\u015eT\u0130<\/strong><\/p>\n<p>Ge\u00e7ti\u011fimiz g\u00fcnlerde S\u00fcper Lig tak\u0131mlar\u0131ndan Galatasaray da Randal Kolo Muani i\u00e7in nab\u0131z yoklam\u0131\u015ft\u0131.\u00a0<\/p>\n<p><strong>KOLO MUANI&#8217;NIN PERFORMANSI<\/strong><\/p>\n<p>Kolo Muani, bu d\u00f6nem PSG formas\u0131yla \u00e7\u0131kt\u0131\u011f\u0131 14 ma\u00e7ta sadece 453 dakika m\u00fcddet bulabildi. Bu m\u00fcddet zarf\u0131nda 2 gol 1 asistlik katk\u0131 yapan Frans\u0131z forvet, ge\u00e7en d\u00f6nemin ba\u015f\u0131nda Frankfurt&#8217;tan 95 milyon Euro&#8217;ya transfer edilmi\u015fti.<\/p><\/div>\n","protected":false},"excerpt":{"rendered":"<p>PSG formas\u0131 giyen Randal Kolo Muani ile Avrupa&#8217;dan dev kul\u00fcpler ilgileniyor.<\/p>\n","protected":false},"author":1,"featured_media":1824,"comment_status":"open","ping_status":"open","sticky":false,"template":"","format":"standard","meta":{"footnotes":""},"categories":[25],"tags":[],"class_list":["post-1823","post","type-post","status-publish","format-standard","has-post-thumbnail","hentry","category-futbol"],"_links":{"self":[{"href":"https:\/\/haberbesiktas.tr\/index.php?rest_route=\/wp\/v2\/posts\/1823","targetHints":{"allow":["GET"]}}],"collection":[{"href":"https:\/\/haberbesiktas.tr\/index.php?rest_route=\/wp\/v2\/posts"}],"about":[{"href":"https:\/\/haberbesiktas.tr\/index.php?rest_route=\/wp\/v2\/types\/post"}],"author":[{"embeddable":true,"href":"https:\/\/haberbesiktas.tr\/index.php?rest_route=\/wp\/v2\/users\/1"}],"replies":[{"embeddable":true,"href":"https:\/\/haberbesiktas.tr\/index.php?rest_route=%2Fwp%2Fv2%2Fcomments&post=1823"}],"version-history":[{"count":1,"href":"https:\/\/haberbesiktas.tr\/index.php?rest_route=\/wp\/v2\/posts\/1823\/revisions"}],"predecessor-version":[{"id":1825,"href":"https:\/\/haberbesiktas.tr\/index.php?rest_route=\/wp\/v2\/posts\/1823\/revisions\/1825"}],"wp:featuredmedia":[{"embeddable":true,"href":"https:\/\/haberbesiktas.tr\/index.php?rest_route=\/wp\/v2\/media\/1824"}],"wp:attachment":[{"href":"https:\/\/haberbesiktas.tr\/index.php?rest_route=%2Fwp%2Fv2%2Fmedia&parent=1823"}],"wp:term":[{"taxonomy":"category","embeddable":true,"href":"https:\/\/haberbesiktas.tr\/index.php?rest_route=%2Fwp%2Fv2%2Fcategories&post=1823"},{"taxonomy":"post_tag","embeddable":true,"href":"https:\/\/haberbesiktas.tr\/index.php?rest_route=%2Fwp%2Fv2%2Ftags&post=1823"}],"curies":[{"name":"wp","href":"https:\/\/api.w.org\/{rel}","templated":true}]}}