{"id":18232,"date":"2025-04-11T08:00:09","date_gmt":"2025-04-11T08:00:09","guid":{"rendered":"https:\/\/haberbesiktas.tr\/?p=18232"},"modified":"2025-04-11T08:00:09","modified_gmt":"2025-04-11T08:00:09","slug":"keita-baldenin-yeni-adresi-serie-a","status":"publish","type":"post","link":"https:\/\/haberbesiktas.tr\/?p=18232","title":{"rendered":"Keita Balde&#8217;nin yeni adresi Serie A!"},"content":{"rendered":"<div><span>1 Ocak&#8217;ta Sivasspor&#8217;dan ayr\u0131lan Keita <\/span><span>Balde&#8217;nin yeni adresi belirli oldu.<\/p>\n<p><span>\u0130talya Serie A tak\u0131mlar\u0131ndan Monza, Sivasspor&#8217;dan ayr\u0131lan Keita Balde&#8217;yle d\u00f6nem sonuna kadar mukavele imzaland\u0131\u011f\u0131n\u0131 a\u00e7\u0131klad\u0131.<\/p>\n<p><strong>S\u0130VASSPOR&#8217;DA NE YAPTI?<\/strong><\/p>\n<p><span>Sivasspor&#8217;da bu d\u00f6nem 11 ma\u00e7ta m\u00fcddet bulan Keita Balde, 1 gol sevinci ya\u015fad\u0131.<\/span><\/p>\n<p><\/span><\/span><span><br \/><\/span><\/div>\n<p><\/p>\n","protected":false},"excerpt":{"rendered":"<p>1 Ocak&#8217;ta Sivasspor&#8217;dan ayr\u0131lan Keita Balde, \u0130talya Serie A tak\u0131m\u0131 Monza&#8217;ya transfer oldu.<\/p>\n","protected":false},"author":1,"featured_media":18233,"comment_status":"open","ping_status":"open","sticky":false,"template":"","format":"standard","meta":{"footnotes":""},"categories":[25],"tags":[],"class_list":["post-18232","post","type-post","status-publish","format-standard","has-post-thumbnail","hentry","category-futbol"],"_links":{"self":[{"href":"https:\/\/haberbesiktas.tr\/index.php?rest_route=\/wp\/v2\/posts\/18232","targetHints":{"allow":["GET"]}}],"collection":[{"href":"https:\/\/haberbesiktas.tr\/index.php?rest_route=\/wp\/v2\/posts"}],"about":[{"href":"https:\/\/haberbesiktas.tr\/index.php?rest_route=\/wp\/v2\/types\/post"}],"author":[{"embeddable":true,"href":"https:\/\/haberbesiktas.tr\/index.php?rest_route=\/wp\/v2\/users\/1"}],"replies":[{"embeddable":true,"href":"https:\/\/haberbesiktas.tr\/index.php?rest_route=%2Fwp%2Fv2%2Fcomments&post=18232"}],"version-history":[{"count":1,"href":"https:\/\/haberbesiktas.tr\/index.php?rest_route=\/wp\/v2\/posts\/18232\/revisions"}],"predecessor-version":[{"id":18234,"href":"https:\/\/haberbesiktas.tr\/index.php?rest_route=\/wp\/v2\/posts\/18232\/revisions\/18234"}],"wp:featuredmedia":[{"embeddable":true,"href":"https:\/\/haberbesiktas.tr\/index.php?rest_route=\/wp\/v2\/media\/18233"}],"wp:attachment":[{"href":"https:\/\/haberbesiktas.tr\/index.php?rest_route=%2Fwp%2Fv2%2Fmedia&parent=18232"}],"wp:term":[{"taxonomy":"category","embeddable":true,"href":"https:\/\/haberbesiktas.tr\/index.php?rest_route=%2Fwp%2Fv2%2Fcategories&post=18232"},{"taxonomy":"post_tag","embeddable":true,"href":"https:\/\/haberbesiktas.tr\/index.php?rest_route=%2Fwp%2Fv2%2Ftags&post=18232"}],"curies":[{"name":"wp","href":"https:\/\/api.w.org\/{rel}","templated":true}]}}