{"id":18235,"date":"2025-04-11T08:12:08","date_gmt":"2025-04-11T08:12:08","guid":{"rendered":"https:\/\/haberbesiktas.tr\/?p=18235"},"modified":"2025-04-11T08:12:08","modified_gmt":"2025-04-11T08:12:08","slug":"fenerbahcede-yukselen-deger-yusuf-akcicek","status":"publish","type":"post","link":"https:\/\/haberbesiktas.tr\/?p=18235","title":{"rendered":"Fenerbah\u00e7e&#8217;de y\u00fckselen de\u011fer Yusuf Ak\u00e7i\u00e7ek!"},"content":{"rendered":"<div>Fenerbah\u00e7e&#8217;de ge\u00e7en d\u00f6nem \u0130smail Kartal devrinde eksikler nedeniyle UEFA Avrupa Ligi&#8217;ndeki Nordsjaelland ma\u00e7\u0131nda forma giyen Yusuf Ak\u00e7i\u00e7ek, bu d\u00f6nem ise teknik y\u00f6netici Jose Mourinho&#8217;nun de\u011ferli isimlerinden biri oldu.<\/p>\n<p> UEFA Avrupa Ligi&#8217;nde Lyon ile oynanan ma\u00e7taki performans\u0131yla dikkat \u00e7eken gen\u00e7 futbolcu, birinci 11&#8217;de ba\u015flad\u0131\u011f\u0131 Anderlecht m\u00fcsabakas\u0131na ise adeta damga vurdu.<\/p>\n<p> Fenerbah\u00e7e&#8217;nin 3&#8217;l\u00fc savunma sisteminde sol stoper olarak vazife yapan 19 ya\u015f\u0131ndaki futbolcu, 11. dakikada Dusan Tadic&#8217;in att\u0131\u011f\u0131 golde asist yapt\u0131 ve mesle\u011finin birinci asistini yapt\u0131.<\/p>\n<p> Yusuf, ikinci golde ise kendisine faul yap\u0131lmas\u0131na kar\u015f\u0131n topu b\u0131rakmad\u0131 ve yere d\u00fc\u015fmedi. Bu konumda topu Kostic&#8217;e atan Yusuf, S\u0131rp y\u0131ld\u0131z\u0131n pas\u0131yla Edin Dzeko&#8217;nun fileleri havaland\u0131rd\u0131\u011f\u0131 gol\u00fcn haz\u0131rlay\u0131c\u0131s\u0131 oldu.<\/p>\n<blockquote class=\"twitter-tweet\" data-width=\"500\" data-dnt=\"true\">\n<p lang=\"tr\" dir=\"ltr\">Dusan Tadic kilidi a\u00e7t\u0131. \ud83d\udd10<a href=\"https:\/\/t.co\/DURejpfgqO\" rel=\"nofollow\">pic.twitter.com\/DURejpfgqO<\/a><\/p>\n<p>&mdash; Sporxtv (@sporxtv) <a href=\"https:\/\/twitter.com\/sporxtv\/status\/1890098470448689254?ref_src=twsrc%5Etfw\" rel=\"nofollow noopener\" target=\"_blank\">February 13, 2025<\/a><\/p><\/blockquote>\n<p><script async src=\"https:\/\/platform.twitter.com\/widgets.js\" charset=\"utf-8\"><\/script><\/p>\n<blockquote class=\"twitter-tweet\" data-width=\"500\" data-dnt=\"true\">\n<p lang=\"tr\" dir=\"ltr\">Yusuf Ak\u00e7i\u00e7ek&#39;in \u00e7al\u0131mlar\u0131, Kostic&#39;in bindirmesi ve Dzeko&#39;nun bitiri\u015fi \ud83c\udfaf<a href=\"https:\/\/t.co\/I0deGlcmbi\" rel=\"nofollow\">pic.twitter.com\/I0deGlcmbi<\/a><\/p>\n<p>&mdash; Sporxtv (@sporxtv) <a href=\"https:\/\/twitter.com\/sporxtv\/status\/1890106532161024136?ref_src=twsrc%5Etfw\" rel=\"nofollow noopener\" target=\"_blank\">February 13, 2025<\/a><\/p><\/blockquote>\n<p><script async src=\"https:\/\/platform.twitter.com\/widgets.js\" charset=\"utf-8\"><\/script><\/p>\n<\/p><\/div>\n<p><\/p>\n","protected":false},"excerpt":{"rendered":"<p>Fenerbah\u00e7e&#8217;nin 19 ya\u015f\u0131ndaki stoperi Yusuf Ak\u00e7i\u00e7ek, Anderlecht ile oynanan ma\u00e7a damga vuran isimlerden biri oldu.<\/p>\n","protected":false},"author":1,"featured_media":18236,"comment_status":"open","ping_status":"open","sticky":false,"template":"","format":"standard","meta":{"footnotes":""},"categories":[25],"tags":[],"class_list":["post-18235","post","type-post","status-publish","format-standard","has-post-thumbnail","hentry","category-futbol"],"_links":{"self":[{"href":"https:\/\/haberbesiktas.tr\/index.php?rest_route=\/wp\/v2\/posts\/18235","targetHints":{"allow":["GET"]}}],"collection":[{"href":"https:\/\/haberbesiktas.tr\/index.php?rest_route=\/wp\/v2\/posts"}],"about":[{"href":"https:\/\/haberbesiktas.tr\/index.php?rest_route=\/wp\/v2\/types\/post"}],"author":[{"embeddable":true,"href":"https:\/\/haberbesiktas.tr\/index.php?rest_route=\/wp\/v2\/users\/1"}],"replies":[{"embeddable":true,"href":"https:\/\/haberbesiktas.tr\/index.php?rest_route=%2Fwp%2Fv2%2Fcomments&post=18235"}],"version-history":[{"count":1,"href":"https:\/\/haberbesiktas.tr\/index.php?rest_route=\/wp\/v2\/posts\/18235\/revisions"}],"predecessor-version":[{"id":18237,"href":"https:\/\/haberbesiktas.tr\/index.php?rest_route=\/wp\/v2\/posts\/18235\/revisions\/18237"}],"wp:featuredmedia":[{"embeddable":true,"href":"https:\/\/haberbesiktas.tr\/index.php?rest_route=\/wp\/v2\/media\/18236"}],"wp:attachment":[{"href":"https:\/\/haberbesiktas.tr\/index.php?rest_route=%2Fwp%2Fv2%2Fmedia&parent=18235"}],"wp:term":[{"taxonomy":"category","embeddable":true,"href":"https:\/\/haberbesiktas.tr\/index.php?rest_route=%2Fwp%2Fv2%2Fcategories&post=18235"},{"taxonomy":"post_tag","embeddable":true,"href":"https:\/\/haberbesiktas.tr\/index.php?rest_route=%2Fwp%2Fv2%2Ftags&post=18235"}],"curies":[{"name":"wp","href":"https:\/\/api.w.org\/{rel}","templated":true}]}}