{"id":18244,"date":"2025-04-11T08:48:07","date_gmt":"2025-04-11T08:48:07","guid":{"rendered":"https:\/\/haberbesiktas.tr\/?p=18244"},"modified":"2025-04-11T08:48:07","modified_gmt":"2025-04-11T08:48:07","slug":"okan-buruk-devamli-kadro-siziyor","status":"publish","type":"post","link":"https:\/\/haberbesiktas.tr\/?p=18244","title":{"rendered":"Okan Buruk: &#8220;Devaml\u0131 kadro s\u0131z\u0131yor!&#8221;"},"content":{"rendered":"<div>Galatasaray Teknik Y\u00f6neticisi Okan Buruk, AZ Alkmaar ma\u00e7\u0131 \u00f6ncesinde a\u00e7\u0131klamalarda bulundu.<\/p>\n<p><strong>&#8220;DEVAMLI TAKIM SIZIYOR&#8221;<\/strong><\/p>\n<p><span><span>Kadronun daima s\u0131zd\u0131r\u0131ld\u0131\u011f\u0131n\u0131 belirten Buruk,<strong> &#8220;G\u00fcn i\u00e7inde kadroyu verdiniz. Florya&#8217;dan her \u015fey \u00e7\u0131k\u0131yor maalesef. Kimden, nas\u0131l \u00e7\u0131k\u0131yor, hangi tak\u0131mlar kime ula\u015ft\u0131r\u0131l\u0131yor, bilmiyoruz. Daha sert olmal\u0131y\u0131z bunla ilgili. Devaml\u0131 tak\u0131m s\u0131z\u0131yor. Bu benim \u0131st\u0131rab\u0131m. Bu ma\u00e7ta tak\u0131m varsay\u0131m\u0131 kolay, zira \u00e7ok kalabal\u0131k bir tak\u0131m\u0131m\u0131z yok bu ma\u00e7ta.&#8221;<\/strong> dedi.<\/p>\n<p><strong>&#8220;2 D\u0130Z\u0130L\u0130\u015e \u00dcZER\u0130NDEN D\u00dc\u015e\u00dcN\u00dcYORUZ&#8221;<\/strong><\/p>\n<p><span>Oyun i\u00e7indeki dizili\u015f ile ilgili konu\u015fan Buruk,<strong> &#8220;Oyun i\u00e7erisinde 2 dizili\u015f \u00fczerinden d\u00fc\u015f\u00fcn\u00fcyoruz, 3&#8217;l\u00fc ve 4&#8217;l\u00fc.Buna d\u00f6nebilecek oyuncular\u0131m\u0131z var. Rakibimizin dizili\u015fi \u00fczerinden odaklanmam\u0131z gerekecek. Birbiriyle oynamaya al\u0131\u015fm\u0131\u015f bir ekip rakibimiz, gen\u00e7 ve hareketli. Birinci ma\u00e7ta tan\u0131yoruz asl\u0131nda. Oyunda, oyun yap\u0131s\u0131nda, oyuncularda \u00e7ok b\u00fcy\u00fck de\u011fi\u015fiklik yok. Bu bir avantaj lakin alanda ortaya koymam\u0131z gerekiyor. Top bizdeyken rakibe kasvetler ya\u015fatm\u0131\u015ft\u0131k. Hava toplar\u0131nda \u00fcst\u00fcnl\u00fck kurmu\u015ftuk. Rakibimizin \u00f6nde tehlikeli oyuncular\u0131 var. Onlar\u0131n da bizim \u00fczere eksikleri var. Kazanmak i\u00e7in elimizden geleni yapaca\u011f\u0131z. Bug\u00fcn Berat gecesi, herkesin kandilini kutluyorum. O\u011fuz Hocam\u0131za ge\u00e7mi\u015f olsun dileklerimi iletiyorum. En k\u0131sa vakitte in\u015fallah sa\u011fl\u0131kl\u0131 bir halde hastaneden \u00e7\u0131kar. Hepimizin \u00e7ok sevdi\u011fi bir futbol adam\u0131.&#8221;<\/strong> tabirlerini kulland\u0131.<\/p>\n<p><\/span><strong>&#8220;G\u00dcNCELLEME GELMES\u0130 LAZIM&#8221;<\/strong><\/p>\n<p><\/span><\/span> <\/p>\n<div>\n<div>\n<div><span>UEFA&#8217;ya teklifte bulunan tecr\u00fcbeli hoca,<strong> &#8220;Zor bir durum bizim i\u00e7in. Cezal\u0131lar, sakatlar, listede olmayanlar&#8230; 3 tane de\u011fi\u015fiklik burada \u00e7ok az kal\u0131yor. Zira, ma\u00e7 say\u0131s\u0131 artt\u0131. Ma\u00e7 say\u0131s\u0131 de\u011fi\u015fti. Cezal\u0131 olma \u015feyi de art\u0131yor, oyuncu sakatl\u0131k riskleri art\u0131yor. Daha \u00e7ok ma\u00e7 oynan\u0131yor. UEFA&#8217;n\u0131n bir g\u00fcncelleme getirmesi gerekiyor. B\u00fcy\u00fck sakatl\u0131k ya\u015fam\u0131\u015f oyuncular i\u00e7in ekstra haklar vermeliler. Uygun bir 11&#8217;imiz var, kul\u00fcbede bekleyenler var. Biz Galatasaray&#8217;\u0131z, herkes Galatasaray&#8217;da oynuyor. Kul\u00fcbeden dayanak verecek arkada\u015flar, akademiden karde\u015flerimiz var. Birlikte hareket etti\u011fimizde, ma\u00e7\u0131n i\u00e7indeki geli\u015fimi de \u00e7ok k\u0131ymetli, birlikte hareket edersek, kadro savunmas\u0131n\u0131 hakikat yaparsak, ikinci ma\u00e7 i\u00e7in bir avantaj yakalamay\u0131 d\u00fc\u015f\u00fcn\u00fcyoruz.&#8221;<\/strong> kelamlar\u0131n\u0131 sarf etti.<\/span><\/div>\n<\/p><\/div>\n<\/p><\/div>\n<div>\u00a0<\/div>\n<\/div>\n<p><\/p>\n","protected":false},"excerpt":{"rendered":"<p>Galatasaray Teknik Y\u00f6neticisi Okan Buruk, AZ Alkmaar ma\u00e7\u0131 \u00f6ncesinde konu\u015ftu.<\/p>\n","protected":false},"author":1,"featured_media":18245,"comment_status":"open","ping_status":"open","sticky":false,"template":"","format":"standard","meta":{"footnotes":""},"categories":[25],"tags":[1293,50,43,290],"class_list":["post-18244","post","type-post","status-publish","format-standard","has-post-thumbnail","hentry","category-futbol","tag-kadro","tag-mac","tag-oyun","tag-var"],"_links":{"self":[{"href":"https:\/\/haberbesiktas.tr\/index.php?rest_route=\/wp\/v2\/posts\/18244","targetHints":{"allow":["GET"]}}],"collection":[{"href":"https:\/\/haberbesiktas.tr\/index.php?rest_route=\/wp\/v2\/posts"}],"about":[{"href":"https:\/\/haberbesiktas.tr\/index.php?rest_route=\/wp\/v2\/types\/post"}],"author":[{"embeddable":true,"href":"https:\/\/haberbesiktas.tr\/index.php?rest_route=\/wp\/v2\/users\/1"}],"replies":[{"embeddable":true,"href":"https:\/\/haberbesiktas.tr\/index.php?rest_route=%2Fwp%2Fv2%2Fcomments&post=18244"}],"version-history":[{"count":1,"href":"https:\/\/haberbesiktas.tr\/index.php?rest_route=\/wp\/v2\/posts\/18244\/revisions"}],"predecessor-version":[{"id":18246,"href":"https:\/\/haberbesiktas.tr\/index.php?rest_route=\/wp\/v2\/posts\/18244\/revisions\/18246"}],"wp:featuredmedia":[{"embeddable":true,"href":"https:\/\/haberbesiktas.tr\/index.php?rest_route=\/wp\/v2\/media\/18245"}],"wp:attachment":[{"href":"https:\/\/haberbesiktas.tr\/index.php?rest_route=%2Fwp%2Fv2%2Fmedia&parent=18244"}],"wp:term":[{"taxonomy":"category","embeddable":true,"href":"https:\/\/haberbesiktas.tr\/index.php?rest_route=%2Fwp%2Fv2%2Fcategories&post=18244"},{"taxonomy":"post_tag","embeddable":true,"href":"https:\/\/haberbesiktas.tr\/index.php?rest_route=%2Fwp%2Fv2%2Ftags&post=18244"}],"curies":[{"name":"wp","href":"https:\/\/api.w.org\/{rel}","templated":true}]}}