{"id":1826,"date":"2025-01-07T23:06:51","date_gmt":"2025-01-07T23:06:51","guid":{"rendered":"https:\/\/haberbesiktas.tr\/?p=1826"},"modified":"2025-01-07T23:06:51","modified_gmt":"2025-01-07T23:06:51","slug":"trabzonspordan-kartaldaki-tesis-ile-ilgili-aciklama","status":"publish","type":"post","link":"https:\/\/haberbesiktas.tr\/?p=1826","title":{"rendered":"Trabzonspor&#8217;dan Kartal&#8217;daki tesis ile ilgili a\u00e7\u0131klama"},"content":{"rendered":"<div>Trabzonspor, \u0130stanbul&#8217;un Kartal \u0130l\u00e7esi&#8217;ndeki tesis ile ilgili Kamuyu Ayd\u0131nlatma Platformu&#8217;na (KAP) a\u00e7\u0131klamalarda bulundu.\u00a0\u00a0 Trabzonspor Sportif Yat\u0131r\u0131m ve Futbol \u0130\u015fletmecili\u011fi Ticaret A.\u015e, \u0130stanbul&#8217;un Kartal \u0130l\u00e7esi&#8217;ndeki tesislerin devral\u0131nmas\u0131n\u0131n akabinde kul\u00fcp periyodundan kalan kirac\u0131lar\u0131n tahliye s\u00fcrecinin resmi olarak ba\u015flat\u0131ld\u0131\u011f\u0131n\u0131 KAP&#8217;a duyurdu.<\/p>\n<p> Trabzonspor, Sportif Yat\u0131r\u0131m ve Futbol \u0130\u015fletmecili\u011fi Ticaret A.\u015e&#8217;den Kamu Ayd\u0131nlatma Platformu&#8217;na (KAP) yap\u0131lan a\u00e7\u0131klamada \u015fu tabirlere yer verildi:<\/p>\n<p> &#8220;\u015eirketimiz 09\/08\/2024 tarihli kararla, kamuoyunda Kartal Tesisleri olarak isimlendirilen alan\u0131n daimi \u00fcst kullan\u0131m hakk\u0131n\u0131 otuz y\u0131ll\u0131k m\u00fcddet ile b\u00f6l\u00fcm alm\u0131\u015ft\u0131. Bahse mevzu d\u00f6nem alma s\u00fcrecine ait t\u00fcm detaylar 09\/08\/2024 tarihli Kap duyurular\u0131 ile kamuoyuna duyurulmu\u015ftu. Zaman alma sonras\u0131 birinci olarak Trabzonspor Kul\u00fcb\u00fcn\u00fcn sahipli\u011fi devrinden kalan kirac\u0131lar\u0131n tahliye s\u00fcreci resmi olarak ba\u015flat\u0131lm\u0131\u015ft\u0131r. \u015eirketimiz taraf\u0131ndan, Kartal Tesislerine y\u00f6nelik olarak kiralama tekni\u011fi ile gelir yaratma projelerine ba\u015flanm\u0131\u015f olup, bu mevzuda \u00fclkemizin k\u0131ymetli b\u00fcy\u00fck markalar\u0131 ile g\u00f6r\u00fc\u015fmelere ba\u015flanm\u0131\u015ft\u0131r. G\u00f6r\u00fc\u015fmeler ve proje ayr\u0131nt\u0131lar\u0131nda mutabakat sa\u011fland\u0131\u011f\u0131nda t\u00fcm resmi ayr\u0131nt\u0131lar kamuoyu ile payla\u015f\u0131lacakt\u0131r.&#8221;<\/p>\n<div>\u00a0<\/div>\n<\/div>\n","protected":false},"excerpt":{"rendered":"<p>Trabzonspor, \u0130stanbul&#8217;un Kartal \u0130l\u00e7esi&#8217;ndeki tesis ile ilgili Kamuyu Ayd\u0131nlatma Platformu&#8217;na (KAP) a\u00e7\u0131klama yapt\u0131.<\/p>\n","protected":false},"author":1,"featured_media":1827,"comment_status":"open","ping_status":"open","sticky":false,"template":"","format":"standard","meta":{"footnotes":""},"categories":[25],"tags":[193],"class_list":["post-1826","post","type-post","status-publish","format-standard","has-post-thumbnail","hentry","category-futbol","tag-kamu"],"_links":{"self":[{"href":"https:\/\/haberbesiktas.tr\/index.php?rest_route=\/wp\/v2\/posts\/1826","targetHints":{"allow":["GET"]}}],"collection":[{"href":"https:\/\/haberbesiktas.tr\/index.php?rest_route=\/wp\/v2\/posts"}],"about":[{"href":"https:\/\/haberbesiktas.tr\/index.php?rest_route=\/wp\/v2\/types\/post"}],"author":[{"embeddable":true,"href":"https:\/\/haberbesiktas.tr\/index.php?rest_route=\/wp\/v2\/users\/1"}],"replies":[{"embeddable":true,"href":"https:\/\/haberbesiktas.tr\/index.php?rest_route=%2Fwp%2Fv2%2Fcomments&post=1826"}],"version-history":[{"count":1,"href":"https:\/\/haberbesiktas.tr\/index.php?rest_route=\/wp\/v2\/posts\/1826\/revisions"}],"predecessor-version":[{"id":1828,"href":"https:\/\/haberbesiktas.tr\/index.php?rest_route=\/wp\/v2\/posts\/1826\/revisions\/1828"}],"wp:featuredmedia":[{"embeddable":true,"href":"https:\/\/haberbesiktas.tr\/index.php?rest_route=\/wp\/v2\/media\/1827"}],"wp:attachment":[{"href":"https:\/\/haberbesiktas.tr\/index.php?rest_route=%2Fwp%2Fv2%2Fmedia&parent=1826"}],"wp:term":[{"taxonomy":"category","embeddable":true,"href":"https:\/\/haberbesiktas.tr\/index.php?rest_route=%2Fwp%2Fv2%2Fcategories&post=1826"},{"taxonomy":"post_tag","embeddable":true,"href":"https:\/\/haberbesiktas.tr\/index.php?rest_route=%2Fwp%2Fv2%2Ftags&post=1826"}],"curies":[{"name":"wp","href":"https:\/\/api.w.org\/{rel}","templated":true}]}}