{"id":1829,"date":"2025-01-07T23:18:43","date_gmt":"2025-01-07T23:18:43","guid":{"rendered":"https:\/\/haberbesiktas.tr\/?p=1829"},"modified":"2025-01-07T23:18:43","modified_gmt":"2025-01-07T23:18:43","slug":"fenerbahceden-sol-beke-yaimar-medina-hamlesi","status":"publish","type":"post","link":"https:\/\/haberbesiktas.tr\/?p=1829","title":{"rendered":"Fenerbah\u00e7e&#8217;den sol beke Yaimar Medina hamlesi"},"content":{"rendered":"<div>Transfer \u00e7al\u0131\u015fmalar\u0131n\u0131 s\u00fcrd\u00fcren Fenerbah\u00e7e, sol bek transferi i\u00e7in s\u00fcrpriz bir te\u015febb\u00fcste bulundu.<\/p>\n<p> Bel\u00e7ika bas\u0131n\u0131ndan Nieuwsblad&#8217;\u0131n haberine nazaran; Fenerbah\u00e7e, Ekvador tak\u0131m\u0131 Independiente del Valle&#8217;de forma giyen 20 ya\u015f\u0131ndaki Yaimar Medina&#8217;y\u0131 g\u00fcndemine ald\u0131.<\/p>\n<p> Haberde, gen\u00e7 oyuncu ile Bayer Leverkusen, Genk ve Porto&#8217;nun da ilgilendi\u011fi s\u00f6z edilirken, 3.5 milyon euro piyasa k\u0131ymeti bulunan oyuncu i\u00e7in kul\u00fcb\u00fcn\u00fcn sonraki sat\u0131\u015ftan hisse ve bonus hususlara k\u0131ymet verdi\u011fi kaydedildi.<\/p>\n<p> <strong>SERBEST VURU\u015e UZMANI<\/strong><\/p>\n<p> Medina ge\u00e7ti\u011fimiz alt\u0131 ay boyunca Ekvador Ligi&#8217;nde epey uygun bir izlenim b\u0131rakt\u0131. Kul\u00fcb\u00fc i\u00e7in 15 ma\u00e7\u0131n tamam\u0131nda oynad\u0131 ve d\u00f6rt gol at\u0131p \u00fc\u00e7 asist yapt\u0131. Bu gollerin \u00fc\u00e7\u00fcn\u00fc direkt h\u00fcr vuru\u015flardan att\u0131, vuru\u015f tekni\u011fi onun en b\u00fcy\u00fck silah\u0131.<\/p>\n<p> Gen\u00e7 ve ofansif sol bek, Ekvador&#8217;un A ulusal ekibi i\u00e7in birinci ma\u00e7\u0131na Eyl\u00fcl ba\u015f\u0131nda \u00e7\u0131kt\u0131 ve Brezilya&#8217;daki D\u00fcnya Kupas\u0131 elemelerinin son etab\u0131nda yedek olarak oyuna dahil oldu. Medina bundan evvel U23 Olimpiyat ekibinde att\u0131\u011f\u0131 \u00fc\u00e7 golle dikkatleri \u00fczerine \u00e7ekmi\u015fti.<\/p>\n<div>\u00a0<\/div>\n<\/div>\n","protected":false},"excerpt":{"rendered":"<p>Transfer \u00e7al\u0131\u015fmalar\u0131n\u0131 s\u00fcrd\u00fcren Fenerbah\u00e7e, Ekvadorlu sol bek Yaimar Medina&#8217;y\u0131 g\u00fcndemine ald\u0131.<\/p>\n","protected":false},"author":1,"featured_media":1830,"comment_status":"open","ping_status":"open","sticky":false,"template":"","format":"standard","meta":{"footnotes":""},"categories":[25],"tags":[],"class_list":["post-1829","post","type-post","status-publish","format-standard","has-post-thumbnail","hentry","category-futbol"],"_links":{"self":[{"href":"https:\/\/haberbesiktas.tr\/index.php?rest_route=\/wp\/v2\/posts\/1829","targetHints":{"allow":["GET"]}}],"collection":[{"href":"https:\/\/haberbesiktas.tr\/index.php?rest_route=\/wp\/v2\/posts"}],"about":[{"href":"https:\/\/haberbesiktas.tr\/index.php?rest_route=\/wp\/v2\/types\/post"}],"author":[{"embeddable":true,"href":"https:\/\/haberbesiktas.tr\/index.php?rest_route=\/wp\/v2\/users\/1"}],"replies":[{"embeddable":true,"href":"https:\/\/haberbesiktas.tr\/index.php?rest_route=%2Fwp%2Fv2%2Fcomments&post=1829"}],"version-history":[{"count":1,"href":"https:\/\/haberbesiktas.tr\/index.php?rest_route=\/wp\/v2\/posts\/1829\/revisions"}],"predecessor-version":[{"id":1831,"href":"https:\/\/haberbesiktas.tr\/index.php?rest_route=\/wp\/v2\/posts\/1829\/revisions\/1831"}],"wp:featuredmedia":[{"embeddable":true,"href":"https:\/\/haberbesiktas.tr\/index.php?rest_route=\/wp\/v2\/media\/1830"}],"wp:attachment":[{"href":"https:\/\/haberbesiktas.tr\/index.php?rest_route=%2Fwp%2Fv2%2Fmedia&parent=1829"}],"wp:term":[{"taxonomy":"category","embeddable":true,"href":"https:\/\/haberbesiktas.tr\/index.php?rest_route=%2Fwp%2Fv2%2Fcategories&post=1829"},{"taxonomy":"post_tag","embeddable":true,"href":"https:\/\/haberbesiktas.tr\/index.php?rest_route=%2Fwp%2Fv2%2Ftags&post=1829"}],"curies":[{"name":"wp","href":"https:\/\/api.w.org\/{rel}","templated":true}]}}