{"id":18291,"date":"2025-04-11T11:24:07","date_gmt":"2025-04-11T11:24:07","guid":{"rendered":"https:\/\/haberbesiktas.tr\/?p=18291"},"modified":"2025-04-11T11:24:07","modified_gmt":"2025-04-11T11:24:07","slug":"milan-skriniar-yusuf-ile-gurur-duyuyorum","status":"publish","type":"post","link":"https:\/\/haberbesiktas.tr\/?p=18291","title":{"rendered":"Milan Skriniar: &#8220;Yusuf ile gurur duyuyorum&#8221;"},"content":{"rendered":"<div>UEFA Avrupa Ligi Play-Off Tipi birinci ma\u00e7\u0131nda Anderlecht kar\u015f\u0131s\u0131nda 3-0 kazanan Fenerbah\u00e7e&#8217;de Milan Skriniar a\u00e7\u0131klamalarda bulundu.<\/p>\n<p> <strong>&#8220;TAKIM RUHU ORTAYA KOYDUK&#8221;<\/strong><\/p>\n<p> \u00c7abay\u0131 pahaland\u0131ran ve kadro ruhuna vurgu yapan Milan Skriniar, <strong>&#8220;Ger\u00e7ekten m\u00fckemmel bir galibiyet elde etti\u011fimizi d\u00fc\u015f\u00fcn\u00fcyorum. Alanda kolektif manada d\u00fczg\u00fcn bir i\u015f \u00e7\u0131kard\u0131\u011f\u0131m\u0131z\u0131 d\u00fc\u015f\u00fcn\u00fcyorum. Grupla, ekip arkada\u015flar\u0131mla gurur duyuyorum. Kadro ruhu ortaya koyduk ve bu benim nitekim ho\u015fuma gitti&#8221;<\/strong> dedi.<\/p>\n<p> <strong>&#8220;YUSUF \u0130LE GURUR DUYUYORUM&#8221;<\/strong><\/p>\n<p> Yusuf Ak\u00e7i\u00e7ek&#8217;in performans\u0131na \u00f6vg\u00fcde bulunan Milan Skriniar, &#8220;<strong>Hem Yusuf&#8217;u hem de Amrabat&#8217;\u0131 tebrik etmem gerekiyor. Zira hakikaten \u00e2l\u00e2 i\u015f \u00e7\u0131kard\u0131lar. Yusuf da uygun performans g\u00f6sterdi\u011fini herkese g\u00f6sterdi. Yeterliydi saha i\u00e7inde. Hem futbolun hem de defans\u0131n gelece\u011fi. Kendisiyle gurur duyuyorum. T\u00fcm kadrosu tebrik ediyorum. Art\u0131k haz\u0131rlanmam\u0131z gereken bir sonraki ma\u00e7. Bir sonraki hafta r\u00f6van\u015f ma\u00e7\u0131 var. Hi\u00e7bir \u015fey bitmi\u015f de\u011fil. Oraya da kazanmaya gidece\u011fiz.&#8221;<\/strong> s\u00f6zlerini kulland\u0131.<\/p>\n<\/div>\n<p><\/p>\n","protected":false},"excerpt":{"rendered":"<p>Fenerbah\u00e7e&#8217;de savunma oyuncusu Milan Skriniar, UEFA Avrupa Ligi&#8217;nde Anderlecht&#8217;i 3-0 yendikleri ma\u00e7tan sonra konu\u015ftu.<\/p>\n","protected":false},"author":1,"featured_media":18292,"comment_status":"open","ping_status":"open","sticky":false,"template":"","format":"standard","meta":{"footnotes":""},"categories":[25],"tags":[52],"class_list":["post-18291","post","type-post","status-publish","format-standard","has-post-thumbnail","hentry","category-futbol","tag-takim"],"_links":{"self":[{"href":"https:\/\/haberbesiktas.tr\/index.php?rest_route=\/wp\/v2\/posts\/18291","targetHints":{"allow":["GET"]}}],"collection":[{"href":"https:\/\/haberbesiktas.tr\/index.php?rest_route=\/wp\/v2\/posts"}],"about":[{"href":"https:\/\/haberbesiktas.tr\/index.php?rest_route=\/wp\/v2\/types\/post"}],"author":[{"embeddable":true,"href":"https:\/\/haberbesiktas.tr\/index.php?rest_route=\/wp\/v2\/users\/1"}],"replies":[{"embeddable":true,"href":"https:\/\/haberbesiktas.tr\/index.php?rest_route=%2Fwp%2Fv2%2Fcomments&post=18291"}],"version-history":[{"count":1,"href":"https:\/\/haberbesiktas.tr\/index.php?rest_route=\/wp\/v2\/posts\/18291\/revisions"}],"predecessor-version":[{"id":18293,"href":"https:\/\/haberbesiktas.tr\/index.php?rest_route=\/wp\/v2\/posts\/18291\/revisions\/18293"}],"wp:featuredmedia":[{"embeddable":true,"href":"https:\/\/haberbesiktas.tr\/index.php?rest_route=\/wp\/v2\/media\/18292"}],"wp:attachment":[{"href":"https:\/\/haberbesiktas.tr\/index.php?rest_route=%2Fwp%2Fv2%2Fmedia&parent=18291"}],"wp:term":[{"taxonomy":"category","embeddable":true,"href":"https:\/\/haberbesiktas.tr\/index.php?rest_route=%2Fwp%2Fv2%2Fcategories&post=18291"},{"taxonomy":"post_tag","embeddable":true,"href":"https:\/\/haberbesiktas.tr\/index.php?rest_route=%2Fwp%2Fv2%2Ftags&post=18291"}],"curies":[{"name":"wp","href":"https:\/\/api.w.org\/{rel}","templated":true}]}}