{"id":18306,"date":"2025-04-11T12:24:08","date_gmt":"2025-04-11T12:24:08","guid":{"rendered":"https:\/\/haberbesiktas.tr\/?p=18306"},"modified":"2025-04-11T12:24:08","modified_gmt":"2025-04-11T12:24:08","slug":"sanliurfasporda-karafirtinalarin-gorevine-son","status":"publish","type":"post","link":"https:\/\/haberbesiktas.tr\/?p=18306","title":{"rendered":"\u015eanl\u0131urfaspor&#8217;da Karaf\u0131rt\u0131nalar&#8217;\u0131n g\u00f6revine son"},"content":{"rendered":"<div>\n<p>Trendyol 1. Lig kadrolar\u0131ndan \u015eanl\u0131urfaspor&#8217;da teknik y\u00f6netici Sait Karaf\u0131rt\u0131nalar devri sona erdi.\u00a0<\/p>\n<p> Kul\u00fcpten yap\u0131lan a\u00e7\u0131klamada, &#8220;Teknik y\u00f6neticimiz Sait Karaf\u0131rt\u0131nalar ile yap\u0131lan g\u00f6r\u00fc\u015fmeler sonucunda, kar\u015f\u0131l\u0131kl\u0131 anla\u015farak yollar\u0131m\u0131z\u0131 ay\u0131rm\u0131\u015f bulunuyoruz. Kendisine ve teknik grubuna kul\u00fcb\u00fcm\u00fcze verdikleri emekler i\u00e7in te\u015fekk\u00fcr ederiz.&#8221; s\u00f6zleri kullan\u0131ld\u0131.<\/p>\n<p><img decoding=\"async\" src=\"https:\/\/haberbesiktas.tr\/wp-content\/uploads\/2025\/04\/sanliurfasporda-karafirtinalarin-gorevine-son-0-DWhN4Dzq.jpeg\"\/><\/p>\n<\/div>\n<p><\/p>\n","protected":false},"excerpt":{"rendered":"<p>\u015eanl\u0131urfaspor&#8217;da teknik y\u00f6netici Sait Karaf\u0131rt\u0131nalar ile yollar ayr\u0131ld\u0131.<\/p>\n","protected":false},"author":1,"featured_media":18307,"comment_status":"open","ping_status":"open","sticky":false,"template":"","format":"standard","meta":{"footnotes":""},"categories":[25],"tags":[],"class_list":["post-18306","post","type-post","status-publish","format-standard","has-post-thumbnail","hentry","category-futbol"],"_links":{"self":[{"href":"https:\/\/haberbesiktas.tr\/index.php?rest_route=\/wp\/v2\/posts\/18306","targetHints":{"allow":["GET"]}}],"collection":[{"href":"https:\/\/haberbesiktas.tr\/index.php?rest_route=\/wp\/v2\/posts"}],"about":[{"href":"https:\/\/haberbesiktas.tr\/index.php?rest_route=\/wp\/v2\/types\/post"}],"author":[{"embeddable":true,"href":"https:\/\/haberbesiktas.tr\/index.php?rest_route=\/wp\/v2\/users\/1"}],"replies":[{"embeddable":true,"href":"https:\/\/haberbesiktas.tr\/index.php?rest_route=%2Fwp%2Fv2%2Fcomments&post=18306"}],"version-history":[{"count":1,"href":"https:\/\/haberbesiktas.tr\/index.php?rest_route=\/wp\/v2\/posts\/18306\/revisions"}],"predecessor-version":[{"id":18309,"href":"https:\/\/haberbesiktas.tr\/index.php?rest_route=\/wp\/v2\/posts\/18306\/revisions\/18309"}],"wp:featuredmedia":[{"embeddable":true,"href":"https:\/\/haberbesiktas.tr\/index.php?rest_route=\/wp\/v2\/media\/18307"}],"wp:attachment":[{"href":"https:\/\/haberbesiktas.tr\/index.php?rest_route=%2Fwp%2Fv2%2Fmedia&parent=18306"}],"wp:term":[{"taxonomy":"category","embeddable":true,"href":"https:\/\/haberbesiktas.tr\/index.php?rest_route=%2Fwp%2Fv2%2Fcategories&post=18306"},{"taxonomy":"post_tag","embeddable":true,"href":"https:\/\/haberbesiktas.tr\/index.php?rest_route=%2Fwp%2Fv2%2Ftags&post=18306"}],"curies":[{"name":"wp","href":"https:\/\/api.w.org\/{rel}","templated":true}]}}