{"id":1832,"date":"2025-01-07T23:30:42","date_gmt":"2025-01-07T23:30:42","guid":{"rendered":"https:\/\/haberbesiktas.tr\/?p=1832"},"modified":"2025-01-07T23:30:42","modified_gmt":"2025-01-07T23:30:42","slug":"yeni-malatyaspordan-resmi-talep-ligden-cekilme","status":"publish","type":"post","link":"https:\/\/haberbesiktas.tr\/?p=1832","title":{"rendered":"Yeni Malatyaspor&#8217;dan resmi talep: Ligden \u00e7ekilme"},"content":{"rendered":"<div>TFF 1. Lig tak\u0131m\u0131 Yeni Malatyaspor, ligden \u00e7ekilme talebinde bulunduklar\u0131n\u0131 a\u00e7\u0131klad\u0131.<\/p>\n<p>Kul\u00fcpten yap\u0131lan a\u00e7\u0131klamada, <strong>&#8220;<\/strong><span><strong>1. Lig Futbol Kul\u00fcpleri Birli\u011fi Derne\u011fi ortak karar\u0131 ile haklar\u0131m\u0131z\u0131n gizli kalmas\u0131 kural\u0131yla ligden \u00e7ekilme talebimiz, TFF&#8217;ye iletilmi\u015ftir. Ba\u015fta Kul\u00fcpler Birli\u011fi Lideri Say\u0131n Ecmel Faik Sar\u0131alio\u011flu olmak \u00fczere, hakl\u0131 talebimize takviye veren t\u00fcm liderlerimize te\u015fekk\u00fcr ediyoruz.&#8221;<\/strong> s\u00f6zleri kullan\u0131ld\u0131.<\/p>\n<p>Ekonomik olarak s\u0131k\u0131nt\u0131 g\u00fcnler ge\u00e7iren Yeni Malatyaspor, 1. Lig&#8217;de bu d\u00f6nem oynad\u0131\u011f\u0131 t\u00fcm ma\u00e7larda ma\u011flup oldu.<\/p>\n<p>18 ma\u00e7\u0131n tamam\u0131n\u0131 kaybeden Malatya tak\u0131m\u0131, FIFA taraf\u0131ndan ald\u0131\u011f\u0131 21 puan silme cezas\u0131 sonras\u0131 -21 puan ile ligin son s\u0131ras\u0131nda yer al\u0131yor.<\/span><\/div>\n","protected":false},"excerpt":{"rendered":"<p>TFF 1. Lig tak\u0131m\u0131 Yeni Malatyaspor, ligden \u00e7ekilme talebinde bulunduklar\u0131n\u0131 a\u00e7\u0131klad\u0131.<\/p>\n","protected":false},"author":1,"featured_media":1833,"comment_status":"open","ping_status":"open","sticky":false,"template":"","format":"standard","meta":{"footnotes":""},"categories":[25],"tags":[51],"class_list":["post-1832","post","type-post","status-publish","format-standard","has-post-thumbnail","hentry","category-futbol","tag-lig"],"_links":{"self":[{"href":"https:\/\/haberbesiktas.tr\/index.php?rest_route=\/wp\/v2\/posts\/1832","targetHints":{"allow":["GET"]}}],"collection":[{"href":"https:\/\/haberbesiktas.tr\/index.php?rest_route=\/wp\/v2\/posts"}],"about":[{"href":"https:\/\/haberbesiktas.tr\/index.php?rest_route=\/wp\/v2\/types\/post"}],"author":[{"embeddable":true,"href":"https:\/\/haberbesiktas.tr\/index.php?rest_route=\/wp\/v2\/users\/1"}],"replies":[{"embeddable":true,"href":"https:\/\/haberbesiktas.tr\/index.php?rest_route=%2Fwp%2Fv2%2Fcomments&post=1832"}],"version-history":[{"count":1,"href":"https:\/\/haberbesiktas.tr\/index.php?rest_route=\/wp\/v2\/posts\/1832\/revisions"}],"predecessor-version":[{"id":1834,"href":"https:\/\/haberbesiktas.tr\/index.php?rest_route=\/wp\/v2\/posts\/1832\/revisions\/1834"}],"wp:featuredmedia":[{"embeddable":true,"href":"https:\/\/haberbesiktas.tr\/index.php?rest_route=\/wp\/v2\/media\/1833"}],"wp:attachment":[{"href":"https:\/\/haberbesiktas.tr\/index.php?rest_route=%2Fwp%2Fv2%2Fmedia&parent=1832"}],"wp:term":[{"taxonomy":"category","embeddable":true,"href":"https:\/\/haberbesiktas.tr\/index.php?rest_route=%2Fwp%2Fv2%2Fcategories&post=1832"},{"taxonomy":"post_tag","embeddable":true,"href":"https:\/\/haberbesiktas.tr\/index.php?rest_route=%2Fwp%2Fv2%2Ftags&post=1832"}],"curies":[{"name":"wp","href":"https:\/\/api.w.org\/{rel}","templated":true}]}}