{"id":18327,"date":"2025-04-11T13:24:07","date_gmt":"2025-04-11T13:24:07","guid":{"rendered":"https:\/\/haberbesiktas.tr\/?p=18327"},"modified":"2025-04-11T13:24:07","modified_gmt":"2025-04-11T13:24:07","slug":"musleradan-mac-sonu-soruya-tepki","status":"publish","type":"post","link":"https:\/\/haberbesiktas.tr\/?p=18327","title":{"rendered":"Muslera&#8217;dan ma\u00e7 sonu soruya tepki!"},"content":{"rendered":"<div>Galatasaray&#8217;\u0131n file bek\u00e7isi Fernando Muslera, AZ Alkmaar m\u00fcsabakas\u0131 sonras\u0131 konu\u015ftu.<\/p>\n<p> Uruguayl\u0131 eldiven,<strong> &#8220;Tam unutmal\u0131k ma\u00e7. Ba\u015ftan sona oynamad\u0131k. Uygun bitiremedik. Rakip her taraftan kalemize geldi. Her vakit bir talihiniz vard\u0131. Art\u0131k konutumuzda oynayaca\u011f\u0131z. Orada g\u00fc\u00e7l\u00fc olmam\u0131z gerekiyor mental olarak. Kendimizi ele\u015ftirmemiz gereken \u00e7ok \u015fey var, bunu yapaca\u011f\u0131z. Olan oldu. Bir sonraki ma\u00e7a odaklanmam\u0131z gerekiyor.&#8221;<\/strong> dedi.<\/p>\n<p> <strong>&#8220;Zaman\u0131 gelince konu\u015furum demi\u015fti kendisi, \u015fu anda birtak\u0131m mevzular\u0131 konu\u015fman\u0131n vakti m\u0131? Mesle\u011fiyle ilgili olabilir, tenkitler olabilir.&#8221;<\/strong> bi\u00e7imindeki sorunun akabinde, <strong>&#8220;Futbolu b\u0131rakmam\u0131 m\u0131 istiyorsunuz tam \u015fu anda!&#8221;<\/strong> kar\u015f\u0131l\u0131\u011f\u0131n\u0131 verdi.<\/p>\n<\/div>\n<p><\/p>\n","protected":false},"excerpt":{"rendered":"<p>Galatasaray&#8217;\u0131n kalecisi Fernando Muslera, AZ Alkmaar m\u00fcsabakas\u0131 sonras\u0131 konu\u015ftu.<\/p>\n","protected":false},"author":1,"featured_media":18328,"comment_status":"open","ping_status":"open","sticky":false,"template":"","format":"standard","meta":{"footnotes":""},"categories":[25],"tags":[],"class_list":["post-18327","post","type-post","status-publish","format-standard","has-post-thumbnail","hentry","category-futbol"],"_links":{"self":[{"href":"https:\/\/haberbesiktas.tr\/index.php?rest_route=\/wp\/v2\/posts\/18327","targetHints":{"allow":["GET"]}}],"collection":[{"href":"https:\/\/haberbesiktas.tr\/index.php?rest_route=\/wp\/v2\/posts"}],"about":[{"href":"https:\/\/haberbesiktas.tr\/index.php?rest_route=\/wp\/v2\/types\/post"}],"author":[{"embeddable":true,"href":"https:\/\/haberbesiktas.tr\/index.php?rest_route=\/wp\/v2\/users\/1"}],"replies":[{"embeddable":true,"href":"https:\/\/haberbesiktas.tr\/index.php?rest_route=%2Fwp%2Fv2%2Fcomments&post=18327"}],"version-history":[{"count":1,"href":"https:\/\/haberbesiktas.tr\/index.php?rest_route=\/wp\/v2\/posts\/18327\/revisions"}],"predecessor-version":[{"id":18329,"href":"https:\/\/haberbesiktas.tr\/index.php?rest_route=\/wp\/v2\/posts\/18327\/revisions\/18329"}],"wp:featuredmedia":[{"embeddable":true,"href":"https:\/\/haberbesiktas.tr\/index.php?rest_route=\/wp\/v2\/media\/18328"}],"wp:attachment":[{"href":"https:\/\/haberbesiktas.tr\/index.php?rest_route=%2Fwp%2Fv2%2Fmedia&parent=18327"}],"wp:term":[{"taxonomy":"category","embeddable":true,"href":"https:\/\/haberbesiktas.tr\/index.php?rest_route=%2Fwp%2Fv2%2Fcategories&post=18327"},{"taxonomy":"post_tag","embeddable":true,"href":"https:\/\/haberbesiktas.tr\/index.php?rest_route=%2Fwp%2Fv2%2Ftags&post=18327"}],"curies":[{"name":"wp","href":"https:\/\/api.w.org\/{rel}","templated":true}]}}