{"id":18333,"date":"2025-04-11T13:48:06","date_gmt":"2025-04-11T13:48:06","guid":{"rendered":"https:\/\/haberbesiktas.tr\/?p=18333"},"modified":"2025-04-11T13:48:06","modified_gmt":"2025-04-11T13:48:06","slug":"roland-sallai-az-alkmaar-hak-etti","status":"publish","type":"post","link":"https:\/\/haberbesiktas.tr\/?p=18333","title":{"rendered":"Roland Sallai: &#8220;AZ Alkmaar hak etti&#8221;"},"content":{"rendered":"<div>Galatasaray, UEFA Avrupa Ligi eleme \u00e7e\u015fidi play-off birinci ma\u00e7\u0131nda AZ Alkmaar&#8217;a deplasmanda 4-1 ma\u011flup oldu.<\/p>\n<p>Sar\u0131-K\u0131rm\u0131z\u0131l\u0131lar&#8217;\u0131n tek gol\u00fcn\u00fc kaydeden Roland Sallai, ma\u00e7\u0131n akabinde a\u00e7\u0131klamalarda bulundu.\u00a0<\/p>\n<p><strong>&#8220;AZ ALKMAAR HAK ETT\u0130&#8221;<\/strong><\/p>\n<div>\n<div>\n<div><span>AZ Alkmaar&#8217;\u0131n ma\u00e7\u0131 hak etti\u011fini s\u00f6yleyen Sallai,<strong> &#8220;Kat\u0131lmaktan memnunum ancak berbat oynad\u0131k. Gol\u00fcmden \u00f6t\u00fcr\u00fc memnunluk ya\u015fayamad\u0131m. Sonu\u00e7ta ekip oyunu oynuyoruz. \u0130kinci ma\u00e7a daha g\u00fczel haz\u0131rlanaca\u011f\u0131z ama \u00f6ncesinde lig ma\u00e7\u0131m\u0131z var. Ona odaklanmal\u0131y\u0131z. Buradan \u00e7\u0131karaca\u011f\u0131m\u0131z \u00e7ok ders var. Alkmaar hak etti bunu, kabul etmek gerekiyor.&#8221;<\/strong> tabirlerini kulland\u0131.<\/span><\/div>\n<\/p><\/div>\n<\/p><\/div>\n<div>\u00a0<\/div>\n<p><\/div>\n<p><\/p>\n","protected":false},"excerpt":{"rendered":"<p>Galatasaray&#8221;\u0131n AZ Alkmaar&#8217;a 4-1 ma\u011flup oldu\u011fu ma\u00e7ta Sar\u0131-K\u0131rm\u0131z\u0131l\u0131lar&#8217;\u0131n tek gol\u00fcn\u00fc atan Roland Sallai, ma\u00e7\u0131n akabinde a\u00e7\u0131klama yapt\u0131.<\/p>\n","protected":false},"author":1,"featured_media":18334,"comment_status":"open","ping_status":"open","sticky":false,"template":"","format":"standard","meta":{"footnotes":""},"categories":[25],"tags":[],"class_list":["post-18333","post","type-post","status-publish","format-standard","has-post-thumbnail","hentry","category-futbol"],"_links":{"self":[{"href":"https:\/\/haberbesiktas.tr\/index.php?rest_route=\/wp\/v2\/posts\/18333","targetHints":{"allow":["GET"]}}],"collection":[{"href":"https:\/\/haberbesiktas.tr\/index.php?rest_route=\/wp\/v2\/posts"}],"about":[{"href":"https:\/\/haberbesiktas.tr\/index.php?rest_route=\/wp\/v2\/types\/post"}],"author":[{"embeddable":true,"href":"https:\/\/haberbesiktas.tr\/index.php?rest_route=\/wp\/v2\/users\/1"}],"replies":[{"embeddable":true,"href":"https:\/\/haberbesiktas.tr\/index.php?rest_route=%2Fwp%2Fv2%2Fcomments&post=18333"}],"version-history":[{"count":1,"href":"https:\/\/haberbesiktas.tr\/index.php?rest_route=\/wp\/v2\/posts\/18333\/revisions"}],"predecessor-version":[{"id":18335,"href":"https:\/\/haberbesiktas.tr\/index.php?rest_route=\/wp\/v2\/posts\/18333\/revisions\/18335"}],"wp:featuredmedia":[{"embeddable":true,"href":"https:\/\/haberbesiktas.tr\/index.php?rest_route=\/wp\/v2\/media\/18334"}],"wp:attachment":[{"href":"https:\/\/haberbesiktas.tr\/index.php?rest_route=%2Fwp%2Fv2%2Fmedia&parent=18333"}],"wp:term":[{"taxonomy":"category","embeddable":true,"href":"https:\/\/haberbesiktas.tr\/index.php?rest_route=%2Fwp%2Fv2%2Fcategories&post=18333"},{"taxonomy":"post_tag","embeddable":true,"href":"https:\/\/haberbesiktas.tr\/index.php?rest_route=%2Fwp%2Fv2%2Ftags&post=18333"}],"curies":[{"name":"wp","href":"https:\/\/api.w.org\/{rel}","templated":true}]}}