{"id":18336,"date":"2025-04-11T14:00:08","date_gmt":"2025-04-11T14:00:08","guid":{"rendered":"https:\/\/haberbesiktas.tr\/?p=18336"},"modified":"2025-04-11T14:00:08","modified_gmt":"2025-04-11T14:00:08","slug":"galatasaray-40-dakika-eksik-mucadele-etti","status":"publish","type":"post","link":"https:\/\/haberbesiktas.tr\/?p=18336","title":{"rendered":"Galatasaray, 40 dakika eksik m\u00fccadele etti"},"content":{"rendered":"<div>\n<p>Galatasaray, ma\u00e7\u0131n yakla\u015f\u0131k 40 dakikal\u0131k k\u0131sm\u0131n\u0131 1 ki\u015fi eksik oynad\u0131.<\/p>\n<p> Kar\u015f\u0131la\u015fman\u0131n 11. dakikas\u0131ndan sar\u0131 kart\u0131 bulunan Kaan Ayhan, 51. dakikada ikinci sar\u0131 kart\u0131 g\u00f6rerek oyundan at\u0131ld\u0131. 2-1 geride olan Galatasaray, kalan 40 dakikadan fazla m\u00fcddette 1 ki\u015fi eksik \u00e7aba etti.<\/p>\n<p> Cezal\u0131 duruma d\u00fc\u015fen Kaan Ayhan, 20 \u015eubat&#8217;ta \u0130stanbul&#8217;da yap\u0131lacak r\u00f6van\u015f ma\u00e7\u0131nda forma giyemeyecek.<\/p>\n<p> \u00a0<\/p>\n<\/div>\n<p><\/p>\n","protected":false},"excerpt":{"rendered":"<p>Galatasaray, AZ Alkmaar&#8217;a kar\u015f\u0131 Kaan Ayhan&#8217;\u0131n 51. dakikada g\u00f6rd\u00fc\u011f\u00fc k\u0131rm\u0131z\u0131 kart sonras\u0131 40 dakika eksik u\u011fra\u015f etti.<\/p>\n","protected":false},"author":1,"featured_media":18337,"comment_status":"open","ping_status":"open","sticky":false,"template":"","format":"standard","meta":{"footnotes":""},"categories":[25],"tags":[],"class_list":["post-18336","post","type-post","status-publish","format-standard","has-post-thumbnail","hentry","category-futbol"],"_links":{"self":[{"href":"https:\/\/haberbesiktas.tr\/index.php?rest_route=\/wp\/v2\/posts\/18336","targetHints":{"allow":["GET"]}}],"collection":[{"href":"https:\/\/haberbesiktas.tr\/index.php?rest_route=\/wp\/v2\/posts"}],"about":[{"href":"https:\/\/haberbesiktas.tr\/index.php?rest_route=\/wp\/v2\/types\/post"}],"author":[{"embeddable":true,"href":"https:\/\/haberbesiktas.tr\/index.php?rest_route=\/wp\/v2\/users\/1"}],"replies":[{"embeddable":true,"href":"https:\/\/haberbesiktas.tr\/index.php?rest_route=%2Fwp%2Fv2%2Fcomments&post=18336"}],"version-history":[{"count":1,"href":"https:\/\/haberbesiktas.tr\/index.php?rest_route=\/wp\/v2\/posts\/18336\/revisions"}],"predecessor-version":[{"id":18338,"href":"https:\/\/haberbesiktas.tr\/index.php?rest_route=\/wp\/v2\/posts\/18336\/revisions\/18338"}],"wp:featuredmedia":[{"embeddable":true,"href":"https:\/\/haberbesiktas.tr\/index.php?rest_route=\/wp\/v2\/media\/18337"}],"wp:attachment":[{"href":"https:\/\/haberbesiktas.tr\/index.php?rest_route=%2Fwp%2Fv2%2Fmedia&parent=18336"}],"wp:term":[{"taxonomy":"category","embeddable":true,"href":"https:\/\/haberbesiktas.tr\/index.php?rest_route=%2Fwp%2Fv2%2Fcategories&post=18336"},{"taxonomy":"post_tag","embeddable":true,"href":"https:\/\/haberbesiktas.tr\/index.php?rest_route=%2Fwp%2Fv2%2Ftags&post=18336"}],"curies":[{"name":"wp","href":"https:\/\/api.w.org\/{rel}","templated":true}]}}