{"id":18339,"date":"2025-04-11T14:12:09","date_gmt":"2025-04-11T14:12:09","guid":{"rendered":"https:\/\/haberbesiktas.tr\/?p=18339"},"modified":"2025-04-11T14:12:09","modified_gmt":"2025-04-11T14:12:09","slug":"david-hubertten-penalti-aciklamasi","status":"publish","type":"post","link":"https:\/\/haberbesiktas.tr\/?p=18339","title":{"rendered":"David Hubert&#8217;ten penalt\u0131 a\u00e7\u0131klamas\u0131"},"content":{"rendered":"<div>UEFA Avrupa Ligi son 16 play-off cinsinde Fenerbah\u00e7e&#8217;ye 3-0 ma\u011flup olan Bel\u00e7ika tak\u0131m\u0131 Anderlecht&#8217;te teknik y\u00f6netici David Hubert, sonucun cins i\u00e7in kendilerini zorlayaca\u011f\u0131n\u0131 s\u00f6yledi.<\/p>\n<p> \u00dclker Stad\u0131&#8217;nda oynanan kar\u015f\u0131la\u015fman\u0131n akabinde d\u00fczenlenen bas\u0131n toplant\u0131s\u0131nda konu\u015fan Hubert, skorun kendileri i\u00e7in olumlu olmad\u0131\u011f\u0131n\u0131n alt\u0131n\u0131 \u00e7izdi.<\/p>\n<p> R\u00f6van\u015f ma\u00e7\u0131 \u00f6ncesinde uygun bir pozisyonda olmad\u0131klar\u0131n\u0131 lisana getiren Hubert, <strong>&#8220;Kesinlikle r\u00f6van\u015fta performans\u0131m\u0131z\u0131 g\u00fc\u00e7lendirmek zorunday\u0131z. Kendimize ve taraftarlar\u0131m\u0131za olan borcumuz bu. R\u00f6van\u015fta son dakikaya kadar gayret edece\u011fiz. Ancak elbette 3-0&#8217;l\u0131k skor, r\u00f6van\u015f \u00f6ncesinde bizim i\u00e7in olumlu olmad\u0131.&#8221;<\/strong> tabirlerini kulland\u0131.<\/p>\n<p> Fenerbah\u00e7e&#8217;nin 11. dakikada buldu\u011fu gol \u00f6ncesindeki korner durumuna itiraz ettikleri hat\u0131rlat\u0131lan Hubert, \u015funlar\u0131 kaydetti:<\/p>\n<p> <strong>&#8220;Korner oldu\u011funu d\u00fc\u015f\u00fcnm\u00fcyordum. Burada g\u00fczel bir futbol oynamaya u\u011fra\u015f ettik. \u00c7or bir atmosferdi. Kar\u015f\u0131m\u0131zda \u00e7ok yeterli performans sergileyen olgun bir rakip vard\u0131. 2-0&#8217;dan evvel durumlar ger\u00e7ekle\u015ftirmeye \u00e7al\u0131\u015ft\u0131k. \u0130kinci yar\u0131da yeterli bir \u015futumuz vard\u0131. Lakin korner karar\u0131 takdir etti\u011fimiz bir karar olmad\u0131. Penalt\u0131 bekledi\u011fimiz konumdaki karar da aleyhimize oldu. Bu penalt\u0131 ma\u00e7\u0131n dinami\u011fini de\u011fi\u015ftirebilirdi, bizim ismimize \u00fcz\u00fcc\u00fc oldu. Bunlar bence ma\u00e7\u0131n kilit anlar\u0131yd\u0131. Gruplar ortas\u0131nda tecr\u00fcbe fark\u0131 oldu\u011fu da ortada. Biz elimizden geldi\u011fince durum yakalamaya \u00e7al\u0131\u015ft\u0131k fakat ba\u015far\u0131l\u0131 olamad\u0131k.&#8221;<\/strong><\/p>\n<p> Yakalad\u0131klar\u0131 durumlar\u0131 de\u011ferlendiremediklerini anlatan Hubert, <strong>&#8220;Ma\u00e7ta birtak\u0131m anlar yaratt\u0131k ancak bitiri\u015fi yapamad\u0131k. Daha g\u00fc\u00e7l\u00fc anlarda kuvvetli diren\u00e7 sergileyip golleri yemememiz gerekiyordu. Birinci gol 11. dakika geldi, ikinci gol devreden \u00e7abucak 3 dakika evvel geldi. Bu gollere mahzur olabilseydik ma\u00e7\u0131n gidi\u015fat\u0131 farkl\u0131 olabilirdi. Al\u0131\u015f\u0131lm\u0131\u015f ki de\u011ferli olan gol atmak. Birinci yar\u0131n\u0131n son k\u0131sm\u0131nda gol yememiz bizim ismimize olumsuzdu.&#8221;<\/strong> diye konu\u015ftu.<\/p>\n<\/div>\n<p><\/p>\n","protected":false},"excerpt":{"rendered":"<p>Anderlecht Teknik Y\u00f6neticisi David Hubert, Fenerbah\u00e7e ma\u011flubiyetinin akabinde a\u00e7\u0131klamalarda bulundu.<\/p>\n","protected":false},"author":1,"featured_media":18340,"comment_status":"open","ping_status":"open","sticky":false,"template":"","format":"standard","meta":{"footnotes":""},"categories":[25],"tags":[77,1884,163],"class_list":["post-18339","post","type-post","status-publish","format-standard","has-post-thumbnail","hentry","category-futbol","tag-gol","tag-hubert","tag-pozisyon"],"_links":{"self":[{"href":"https:\/\/haberbesiktas.tr\/index.php?rest_route=\/wp\/v2\/posts\/18339","targetHints":{"allow":["GET"]}}],"collection":[{"href":"https:\/\/haberbesiktas.tr\/index.php?rest_route=\/wp\/v2\/posts"}],"about":[{"href":"https:\/\/haberbesiktas.tr\/index.php?rest_route=\/wp\/v2\/types\/post"}],"author":[{"embeddable":true,"href":"https:\/\/haberbesiktas.tr\/index.php?rest_route=\/wp\/v2\/users\/1"}],"replies":[{"embeddable":true,"href":"https:\/\/haberbesiktas.tr\/index.php?rest_route=%2Fwp%2Fv2%2Fcomments&post=18339"}],"version-history":[{"count":1,"href":"https:\/\/haberbesiktas.tr\/index.php?rest_route=\/wp\/v2\/posts\/18339\/revisions"}],"predecessor-version":[{"id":18341,"href":"https:\/\/haberbesiktas.tr\/index.php?rest_route=\/wp\/v2\/posts\/18339\/revisions\/18341"}],"wp:featuredmedia":[{"embeddable":true,"href":"https:\/\/haberbesiktas.tr\/index.php?rest_route=\/wp\/v2\/media\/18340"}],"wp:attachment":[{"href":"https:\/\/haberbesiktas.tr\/index.php?rest_route=%2Fwp%2Fv2%2Fmedia&parent=18339"}],"wp:term":[{"taxonomy":"category","embeddable":true,"href":"https:\/\/haberbesiktas.tr\/index.php?rest_route=%2Fwp%2Fv2%2Fcategories&post=18339"},{"taxonomy":"post_tag","embeddable":true,"href":"https:\/\/haberbesiktas.tr\/index.php?rest_route=%2Fwp%2Fv2%2Ftags&post=18339"}],"curies":[{"name":"wp","href":"https:\/\/api.w.org\/{rel}","templated":true}]}}