{"id":1835,"date":"2025-01-07T23:42:42","date_gmt":"2025-01-07T23:42:42","guid":{"rendered":"https:\/\/haberbesiktas.tr\/?p=1835"},"modified":"2025-01-07T23:42:42","modified_gmt":"2025-01-07T23:42:42","slug":"ali-koc-basin-toplantisi-duzenleyecek","status":"publish","type":"post","link":"https:\/\/haberbesiktas.tr\/?p=1835","title":{"rendered":"Ali Ko\u00e7 bas\u0131n toplant\u0131s\u0131 d\u00fczenleyecek"},"content":{"rendered":"<div><span>Fenerbah\u00e7e Ba\u015fkan\u0131 Ali Ko\u00e7, kul\u00fcb\u00fcn T\u00fcrkiye Kupas\u0131&#8217;na kat\u0131l\u0131p-kat\u0131lmama konusundaki konumu ile birlikte devre ortas\u0131ndaki transfer planlamalar\u0131 ve son periyotta stadyumda ya\u015fananlar hakk\u0131nda \u00e7ar\u015famba g\u00fcn\u00fc bas\u0131n toplant\u0131s\u0131 d\u00fczenleyecek.<\/span><\/p>\n<p>Kul\u00fcb\u00fcn resmi sitesinden yap\u0131lan a\u00e7\u0131klamada \u015fu tabirler yer ald\u0131:\u00a0<\/p>\n<p><strong>&#8220;\u00dclke futbol dinamiklerinde toplulu\u011fumuzu 2 Nisan 2024 tarihli \u0130nan\u0131lmaz Genel Heyeti&#8217;ne g\u00f6t\u00fcren s\u00fcre\u00e7 herkesin malumudur.\u00a0<\/strong><\/p>\n<p><strong>O g\u00fcnden sonra T\u00fcrkiye Futbol Federasyonu&#8217;nda yap\u0131sal bir\u00e7ok de\u011fi\u015fikli\u011fe, lider ve idaresinin yenilenmesine, Merkez Hakem Heyeti&#8217;nin ve S\u00fcper Ligde ma\u00e7 y\u00f6neten bir\u00e7ok hakemin de\u011fi\u015fti\u011fine \u015fahit olduk.\u00a0<\/strong><br \/><strong>\u00a0<\/strong><br \/><strong>Buna kar\u015f\u0131n kronikle\u015fmi\u015f sorunlar hala devam etmekte olup, bu durum saha i\u00e7erisindeki adaletin sa\u011flanamad\u0131\u011f\u0131n\u0131 net formda g\u00f6stermektedir.<\/strong><br \/><strong>\u00a0<\/strong><br \/><strong>Kamuoyu ile payla\u015f\u0131ld\u0131\u011f\u0131 haliyle birinci \u00f6nceli\u011finin &#8220;T\u00fcrk futboluna adaleti getirmek&#8221; oldu\u011funu tabir eden TFF&#8217;nin, kronikle\u015fmi\u015f bu meseleler ile ilgili ataca\u011f\u0131 ad\u0131mlar\u0131n takip\u00e7isi olmaya devam edece\u011fiz.\u00a0<\/strong><br \/><strong>\u00a0<\/strong><br \/><strong>Bug\u00fcn ger\u00e7ekle\u015ftirilen Y\u00f6netim Kurulu Toplant\u0131m\u0131z\u0131n g\u00fcndemi do\u011frultusunda;\u00a0<\/strong><\/p>\n<p><strong>2 Nisan 2024 tarihinden itibaren T\u00fcrk futbolunda ya\u015fanan geli\u015fmeler,\u00a0<\/strong><\/p>\n<p><strong>T\u00fcrkiye Kupas\u0131&#8217;na kat\u0131l\u0131p-kat\u0131lmama konusundaki durumumuz ile birlikte devre ortas\u0131nda Futbol Kadromuzun transfer planlamalar\u0131 ve son periyotta stad\u0131m\u0131zda ya\u015fananlar hakk\u0131nda,\u00a0<\/strong><\/p>\n<p><strong>Ba\u015fkan\u0131m\u0131z Ali Y. Ko\u00e7 taraf\u0131ndan 8 Ocak 2025 tarihinde saat 17.00&#8217;de a\u00e7\u0131klama yap\u0131lacakt\u0131r.\u00a0<\/strong><br \/><strong>\u00a0<\/strong><br \/><strong>Fenerbah\u00e7e Spor Kul\u00fcb\u00fc&#8221;<\/strong><\/div>\n","protected":false},"excerpt":{"rendered":"<p>Fenerbah\u00e7e Ba\u015fkan\u0131 Ali Ko\u00e7, \u00e7ar\u015famba g\u00fcn\u00fc bas\u0131n toplant\u0131s\u0131 d\u00fczenleme karar\u0131 ald\u0131.<\/p>\n","protected":false},"author":1,"featured_media":1836,"comment_status":"open","ping_status":"open","sticky":false,"template":"","format":"standard","meta":{"footnotes":""},"categories":[25],"tags":[172,89],"class_list":["post-1835","post","type-post","status-publish","format-standard","has-post-thumbnail","hentry","category-futbol","tag-futbol","tag-turk"],"_links":{"self":[{"href":"https:\/\/haberbesiktas.tr\/index.php?rest_route=\/wp\/v2\/posts\/1835","targetHints":{"allow":["GET"]}}],"collection":[{"href":"https:\/\/haberbesiktas.tr\/index.php?rest_route=\/wp\/v2\/posts"}],"about":[{"href":"https:\/\/haberbesiktas.tr\/index.php?rest_route=\/wp\/v2\/types\/post"}],"author":[{"embeddable":true,"href":"https:\/\/haberbesiktas.tr\/index.php?rest_route=\/wp\/v2\/users\/1"}],"replies":[{"embeddable":true,"href":"https:\/\/haberbesiktas.tr\/index.php?rest_route=%2Fwp%2Fv2%2Fcomments&post=1835"}],"version-history":[{"count":1,"href":"https:\/\/haberbesiktas.tr\/index.php?rest_route=\/wp\/v2\/posts\/1835\/revisions"}],"predecessor-version":[{"id":1837,"href":"https:\/\/haberbesiktas.tr\/index.php?rest_route=\/wp\/v2\/posts\/1835\/revisions\/1837"}],"wp:featuredmedia":[{"embeddable":true,"href":"https:\/\/haberbesiktas.tr\/index.php?rest_route=\/wp\/v2\/media\/1836"}],"wp:attachment":[{"href":"https:\/\/haberbesiktas.tr\/index.php?rest_route=%2Fwp%2Fv2%2Fmedia&parent=1835"}],"wp:term":[{"taxonomy":"category","embeddable":true,"href":"https:\/\/haberbesiktas.tr\/index.php?rest_route=%2Fwp%2Fv2%2Fcategories&post=1835"},{"taxonomy":"post_tag","embeddable":true,"href":"https:\/\/haberbesiktas.tr\/index.php?rest_route=%2Fwp%2Fv2%2Ftags&post=1835"}],"curies":[{"name":"wp","href":"https:\/\/api.w.org\/{rel}","templated":true}]}}