{"id":18363,"date":"2025-04-11T15:48:06","date_gmt":"2025-04-11T15:48:06","guid":{"rendered":"https:\/\/haberbesiktas.tr\/?p=18363"},"modified":"2025-04-11T15:48:06","modified_gmt":"2025-04-11T15:48:06","slug":"ing-turkiye-kupasinda-derbi-gunu-fenerbahce-galatasaray","status":"publish","type":"post","link":"https:\/\/haberbesiktas.tr\/?p=18363","title":{"rendered":"ING T\u00fcrkiye Kupas\u0131&#8217;nda derbi g\u00fcn\u00fc: Fenerbah\u00e7e &#8211; Galatasaray"},"content":{"rendered":"<div>Basketbol Erkekler ING T\u00fcrkiye Kupas\u0131&#8217;nda D\u00f6rtl\u00fc Final heyecan\u0131, 14 \u015eubat Cuma g\u00fcn\u00fc \u015eanl\u0131urfa&#8217;da ba\u015flayacak.<\/p>\n<p> Kupada Fenerbah\u00e7e Beko ile Galatasaray saat 20.30&#8217;da \u015eanl\u0131urfa 11 Nisan Spor Salonu&#8217;nda kar\u015f\u0131 kar\u015f\u0131ya gelecek. \u00c7aba TRT Spor Y\u0131ld\u0131z&#8217;dan naklen yay\u0131nlanacak.<\/p>\n<p> Bu m\u00fcsabakan\u0131n galibi, 16 \u015eubat Pazar g\u00fcn\u00fc Mersinspor &#8211; Be\u015fikta\u015f Fibabanka ma\u00e7\u0131n\u0131n galibi ile saat 16.00&#8217;da finalde \u00e7aba edecek.<\/p>\n<p> <strong>D\u00d6RTL\u00dc F\u0130NALE NASIL GELD\u0130LER?<\/strong><\/p>\n<p> Kupay\u0131 kazanma gayreti verecek gruplar, D\u00f6rtl\u00fc Final&#8217;e g\u00fc\u00e7l\u00fc rakiplerini eleyerek geldi.<\/p>\n<p> Basketbol \u00dcst\u00fcn Ligi&#8217;nde birinci yar\u0131y\u0131 birinci 8&#8217;de tamamlayan gruplar, ING T\u00fcrkiye Kupas\u0131&#8217;na kat\u0131larak \u00e7eyrek finalde u\u011fra\u015f etmeye hak kazand\u0131.<\/p>\n<p> ING T\u00fcrkiye Kupas\u0131&#8217;nda D\u00f6rtl\u00fc Final, bir derbiye sahne olacak. Bah\u00e7e\u015fehir Koleji&#8217;ni 87-56 \u00fczere farkl\u0131 bir sonu\u00e7la ge\u00e7en Fenerbah\u00e7e Beko, \u015eanl\u0131urfa biletini ald\u0131.<\/p>\n<p> Galatasaray ise \u0130zmir&#8217;de oynanan ma\u00e7ta Kar\u015f\u0131yaka&#8217;y\u0131 97-88 yenerek D\u00f6rtl\u00fc Final&#8217;e kald\u0131 ve derbide Fenerbah\u00e7e Beko&#8217;nun rakibi oldu.<\/p>\n<p> <strong>YAKUP SEK\u0130ZK\u00d6K: &#8220;KUPAYA UZANMAK \u0130ST\u0130YORUZ&#8221;<\/strong><\/p>\n<p> Galatasaray Ba\u015fantren\u00f6r\u00fc Yakup Sekizk\u00f6k, Basketbol Erkekler ING T\u00fcrkiye Kupas\u0131 D\u00f6rtl\u00fc Finali&#8217;nde Fenerbah\u00e7e Beko ile yapacaklar\u0131 ma\u00e7tan galip ayr\u0131l\u0131p sonras\u0131nda kupaya uzanmak istediklerini belirtti.<\/p>\n<p> Ba\u015fantren\u00f6r Yakup Sekizk\u00f6k, saat 20.30&#8217;da ba\u015flayacak m\u00fcsabakan\u0131n yap\u0131laca\u011f\u0131 11 Nisan Spor Salonu&#8217;nda bas\u0131n mensuplar\u0131na a\u00e7\u0131klamalarda bulundu.<\/p>\n<p> Yakup Sekizk\u00f6k, Fenerbah\u00e7e Beko&#8217;ya kar\u015f\u0131 son oynad\u0131klar\u0131 ve 95-81 kaybettikleri ma\u00e7ta \u00e7ok fazla sakat oyuncular\u0131 oldu\u011funu belirterek, \u015funlar\u0131 s\u00f6yledi:<\/p>\n<p> <strong>&#8220;Sakatl\u0131k bizim i\u015fimizin bir mod\u00fcl\u00fc. Bu turnuvaya tam tak\u0131m gelmek isterdik. Yeniden de tam tak\u0131m geldik ancak kimi oyuncular\u0131m\u0131z y\u00fczde y\u00fcz haz\u0131r de\u011fil fakat bu da bir ad\u0131m. En az\u0131ndan yar\u0131n b\u00fct\u00fcn de\u011ferli oyuncular\u0131m\u0131z tak\u0131mda olacak. Fenerbah\u00e7e Beko, son ma\u00e7ta bize kar\u015f\u0131 d\u0131\u015f at\u0131\u015flardan \u00e7ok fazla isabet buldu. Bunu engellemeye \u00e7al\u0131\u015faca\u011f\u0131z. Al\u00e7ak post yoluyla bize atak yapm\u0131\u015flard\u0131. Bu noktada da kimi haz\u0131rl\u0131klar\u0131m\u0131z oldu. Her ma\u00e7 y\u00fcksek skorlara ula\u015fan bir kadroyuz. Rastgele bir ekstra ayr\u0131nt\u0131ya tak\u0131lmadan kendi basketbolumuzu alana yans\u0131tmaya \u00e7al\u0131\u015faca\u011f\u0131z.&#8221;<\/strong><\/p>\n<p> Galatasaray, Fenerbah\u00e7e ve Be\u015fikta\u015f&#8217;\u0131n D\u00f6rtl\u00fc Final&#8217;de oynayacak olmas\u0131n\u0131n k\u0131ymetli oldu\u011funa de\u011finen Sekizk\u00f6k,<strong> &#8220;Bu ekiplerin u\u011fra\u015f etti\u011fi bran\u015flarda savl\u0131 olmas\u0131, sporun \u00fclkedeki geli\u015fimi i\u00e7in \u00e7ok k\u0131ymetli. Bu durum da bu y\u00fczden bir f\u0131rsat yarat\u0131yor. Eski\u015fehir&#8217;de de tekrar emsal bir turnuva olmu\u015ftu. Orada da emsal bir formda Galatasaray, Fenerbah\u00e7e ve Be\u015fikta\u015f, yar\u0131 finale bir arada \u00e7\u0131km\u0131\u015flard\u0131. Yaln\u0131zca basketbolda de\u011fil, \u00f6b\u00fcr bran\u015flarda da b\u00fcy\u00fck taraftar dayana\u011f\u0131na sahip kul\u00fcplerin tezli olmas\u0131 de\u011ferli. Biz, bu ezeli rekabette evvel kazan\u0131p sonras\u0131nda finalde kupaya uzanmak istiyoruz.&#8221;<\/strong> tabirlerini kulland\u0131.<\/p>\n<p><strong>SARUNAS\u00a0JASIKEVICIUS: &#8220;TAKIMIN EKSTRA MOT\u0130VASYONA MUHTA\u00c7LI\u011eI YOK&#8221;<\/strong><\/p>\n<p> Basketbol Erkekler ING T\u00fcrkiye Kupas\u0131 D\u00f6rtl\u00fc Finali&#8217;nde Galatasaray&#8217;la kar\u015f\u0131la\u015facak Fenerba\u00e7e Beko&#8217;da ba\u015fantren\u00f6r\u00a0Sarunas\u00a0Jasikevicius, \u00e2l\u00e2 \u00e7aba eden ve sakin kalan taraf\u0131n derbiyi kazanaca\u011f\u0131n\u0131 belirtti.<\/p>\n<p> Sarunas\u00a0Jasikevicius, sar\u0131-lacivertli ekip konaklad\u0131\u011f\u0131 otelde bas\u0131n mensuplar\u0131na a\u00e7\u0131klamalarda bulundu.<\/p>\n<p> Litvanyal\u0131 ba\u015fantren\u00f6r, ligde Galatasaray&#8217;la oynad\u0131klar\u0131 son ma\u00e7a de\u011finerek,<strong> &#8220;\u0130ki ekip da yap\u0131lan son ma\u00e7tan dersler \u00e7\u0131karmaya \u00e7al\u0131\u015facakt\u0131r. Bu bi\u00e7im ma\u00e7larda genelde taktik ayr\u0131nt\u0131lar \u00f6n planda olmuyor. Bu \u00fcslup m\u00fcsabakalarda sakin kalan ve alanda g\u00fczel \u00e7aba eden fark yarat\u0131yor.&#8221;<\/strong> tabirlerini kulland\u0131.<\/p>\n<p> Jasikevicius, grubunu D\u00f6rtl\u00fc Final&#8217;e motive etmenin g\u00fc\u00e7 olmad\u0131\u011f\u0131n\u0131 vurgulayarak,<strong> &#8220;Fenerbah\u00e7e olarak biz bu stil m\u00fcsabakalar\u0131 oynamak i\u00e7in haz\u0131rlan\u0131yoruz. Bu y\u00fczden kurulmu\u015f bir kadroyuz. D\u00f6nemin da en de\u011ferli k\u0131s\u0131mlar\u0131ndan birindeyiz. Bu y\u00fczden ekibin ekstra bir motivasyona muhta\u00e7l\u0131\u011f\u0131 yok.&#8221;<\/strong> halinde g\u00f6r\u00fc\u015f belirtti.<\/p>\n<p> \u00a0<\/p>\n<p> \u00a0<\/p>\n<p> \u00a0<\/p>\n<\/div>\n<p><\/p>\n","protected":false},"excerpt":{"rendered":"<p>Basketbol Erkekler ING T\u00fcrkiye Kupas\u0131 yar\u0131 final ma\u00e7\u0131nda Fenerbah\u00e7e Beko ile Galatasaray kar\u015f\u0131la\u015facak.<\/p>\n","protected":false},"author":1,"featured_media":18364,"comment_status":"open","ping_status":"open","sticky":false,"template":"","format":"standard","meta":{"footnotes":""},"categories":[10],"tags":[468,1866,129,601,52],"class_list":["post-18363","post","type-post","status-publish","format-standard","has-post-thumbnail","hentry","category-basketbol","tag-basketbol","tag-dortlu-final","tag-galatasaray","tag-mucadele","tag-takim"],"_links":{"self":[{"href":"https:\/\/haberbesiktas.tr\/index.php?rest_route=\/wp\/v2\/posts\/18363","targetHints":{"allow":["GET"]}}],"collection":[{"href":"https:\/\/haberbesiktas.tr\/index.php?rest_route=\/wp\/v2\/posts"}],"about":[{"href":"https:\/\/haberbesiktas.tr\/index.php?rest_route=\/wp\/v2\/types\/post"}],"author":[{"embeddable":true,"href":"https:\/\/haberbesiktas.tr\/index.php?rest_route=\/wp\/v2\/users\/1"}],"replies":[{"embeddable":true,"href":"https:\/\/haberbesiktas.tr\/index.php?rest_route=%2Fwp%2Fv2%2Fcomments&post=18363"}],"version-history":[{"count":1,"href":"https:\/\/haberbesiktas.tr\/index.php?rest_route=\/wp\/v2\/posts\/18363\/revisions"}],"predecessor-version":[{"id":18365,"href":"https:\/\/haberbesiktas.tr\/index.php?rest_route=\/wp\/v2\/posts\/18363\/revisions\/18365"}],"wp:featuredmedia":[{"embeddable":true,"href":"https:\/\/haberbesiktas.tr\/index.php?rest_route=\/wp\/v2\/media\/18364"}],"wp:attachment":[{"href":"https:\/\/haberbesiktas.tr\/index.php?rest_route=%2Fwp%2Fv2%2Fmedia&parent=18363"}],"wp:term":[{"taxonomy":"category","embeddable":true,"href":"https:\/\/haberbesiktas.tr\/index.php?rest_route=%2Fwp%2Fv2%2Fcategories&post=18363"},{"taxonomy":"post_tag","embeddable":true,"href":"https:\/\/haberbesiktas.tr\/index.php?rest_route=%2Fwp%2Fv2%2Ftags&post=18363"}],"curies":[{"name":"wp","href":"https:\/\/api.w.org\/{rel}","templated":true}]}}