{"id":18378,"date":"2025-04-11T16:48:06","date_gmt":"2025-04-11T16:48:06","guid":{"rendered":"https:\/\/haberbesiktas.tr\/?p=18378"},"modified":"2025-04-11T16:48:06","modified_gmt":"2025-04-11T16:48:06","slug":"irfan-can-egribayat-kalede-devlesti","status":"publish","type":"post","link":"https:\/\/haberbesiktas.tr\/?p=18378","title":{"rendered":"\u0130rfan Can E\u011fribayat, kalede devle\u015fti"},"content":{"rendered":"<div>UEFA Avrupa Ligi son 16 play-off tipi birinci ma\u00e7\u0131nda konuk etti\u011fi Bel\u00e7ika&#8217;n\u0131n Anderlecht kadrosunu 3-0 yenen Fenerbah\u00e7e, r\u00f6van\u015f \u00f6ncesinde b\u00fcy\u00fck avantaj yakalad\u0131.<\/p>\n<p> Dominik Livakovic&#8217;in yoklu\u011funda eldivenleri devralan \u0130rfan Can E\u011fribayat, Anderlecht \u00f6n\u00fcnde g\u00f6sterdi\u011fi performansla alk\u0131\u015flar\u0131 kapt\u0131.<\/p>\n<p> 5 net kurtar\u0131\u015f yapan ba\u015far\u0131l\u0131 eldiven, trib\u00fcnlerin be\u011fenisini kazand\u0131.<\/p>\n<p> Skor 1-0 iken Adryelson&#8217;un ba\u015f vuru\u015funda yapt\u0131\u011f\u0131 kurtar\u0131\u015fla kadrosunu ayakta tutan \u0130rfan Can, ma\u00e7 sonunda b\u00fcy\u00fck bir sevin\u00e7 ya\u015fad\u0131.\u00a0<\/p>\n<div>\u00a0<\/div>\n<\/div>\n<p><\/p>\n","protected":false},"excerpt":{"rendered":"<p>Fenerbah\u00e7e&#8217;de kaleci \u0130rfan Can E\u011fribayat, Anderlecht \u00f6n\u00fcnde g\u00f6sterdi\u011fi performansla alk\u0131\u015flar\u0131 kapt\u0131.<\/p>\n","protected":false},"author":1,"featured_media":18379,"comment_status":"open","ping_status":"open","sticky":false,"template":"","format":"standard","meta":{"footnotes":""},"categories":[25],"tags":[],"class_list":["post-18378","post","type-post","status-publish","format-standard","has-post-thumbnail","hentry","category-futbol"],"_links":{"self":[{"href":"https:\/\/haberbesiktas.tr\/index.php?rest_route=\/wp\/v2\/posts\/18378","targetHints":{"allow":["GET"]}}],"collection":[{"href":"https:\/\/haberbesiktas.tr\/index.php?rest_route=\/wp\/v2\/posts"}],"about":[{"href":"https:\/\/haberbesiktas.tr\/index.php?rest_route=\/wp\/v2\/types\/post"}],"author":[{"embeddable":true,"href":"https:\/\/haberbesiktas.tr\/index.php?rest_route=\/wp\/v2\/users\/1"}],"replies":[{"embeddable":true,"href":"https:\/\/haberbesiktas.tr\/index.php?rest_route=%2Fwp%2Fv2%2Fcomments&post=18378"}],"version-history":[{"count":1,"href":"https:\/\/haberbesiktas.tr\/index.php?rest_route=\/wp\/v2\/posts\/18378\/revisions"}],"predecessor-version":[{"id":18380,"href":"https:\/\/haberbesiktas.tr\/index.php?rest_route=\/wp\/v2\/posts\/18378\/revisions\/18380"}],"wp:featuredmedia":[{"embeddable":true,"href":"https:\/\/haberbesiktas.tr\/index.php?rest_route=\/wp\/v2\/media\/18379"}],"wp:attachment":[{"href":"https:\/\/haberbesiktas.tr\/index.php?rest_route=%2Fwp%2Fv2%2Fmedia&parent=18378"}],"wp:term":[{"taxonomy":"category","embeddable":true,"href":"https:\/\/haberbesiktas.tr\/index.php?rest_route=%2Fwp%2Fv2%2Fcategories&post=18378"},{"taxonomy":"post_tag","embeddable":true,"href":"https:\/\/haberbesiktas.tr\/index.php?rest_route=%2Fwp%2Fv2%2Ftags&post=18378"}],"curies":[{"name":"wp","href":"https:\/\/api.w.org\/{rel}","templated":true}]}}