{"id":18384,"date":"2025-04-11T17:12:06","date_gmt":"2025-04-11T17:12:06","guid":{"rendered":"https:\/\/haberbesiktas.tr\/?p=18384"},"modified":"2025-04-11T17:12:06","modified_gmt":"2025-04-11T17:12:06","slug":"fenerbahcede-en-nesyri-formunun-zirvesinde","status":"publish","type":"post","link":"https:\/\/haberbesiktas.tr\/?p=18384","title":{"rendered":"Fenerbah\u00e7e&#8217;de En-Nesyri, formunun zirvesinde"},"content":{"rendered":"<div>UEFA Avrupa Ligi son 16 play-off \u00e7e\u015fidi birinci ma\u00e7\u0131nda konuk etti\u011fi Bel\u00e7ika&#8217;n\u0131n Anderlecht ekibini 3-0 yenen Fenerbah\u00e7e, r\u00f6van\u015f \u00f6ncesinde b\u00fcy\u00fck avantaj yakalad\u0131.<\/p>\n<p> Fenerbah\u00e7e&#8217;nin Fasl\u0131 santrforu Youssef En-Nesyri, gollerine Anderlecht kar\u015f\u0131s\u0131nda da devam etti.<\/p>\n<p> En-Nesyri, 57. dakikada \u015f\u0131k bir ba\u015f vuru\u015fu ile Sar\u0131-Lacivertliler&#8217;in 3. gol\u00fcn\u00fc kaydetti.<\/p>\n<p> Bu m\u00fcsabaka \u00f6ncesinde kadrosunun son 11 ma\u00e7\u0131nda 14 gol kaydeden Fasl\u0131 santrfor, ligde Alanyaspor kar\u015f\u0131s\u0131nda cezas\u0131 nedeniyle forma giyememi\u015fti.<\/p>\n<p> S\u00fcper Lig&#8217;de 13 ve kupada 3 gol\u00fc bulunan En-Nesyri, Avrupa&#8217;da ise gol say\u0131s\u0131n\u0131 5&#8217;e y\u00fckseltti.\u00a0<\/p>\n<p> \u00a0<\/p>\n<p> \u00a0<\/p>\n<\/div>\n<p><\/p>\n","protected":false},"excerpt":{"rendered":"<p>Fenerbah\u00e7e&#8217;nin Fasl\u0131 santrforu Youssef En-Nesyri, gollerine Anderlecht kar\u015f\u0131s\u0131nda da devam etti.<\/p>\n","protected":false},"author":1,"featured_media":18385,"comment_status":"open","ping_status":"open","sticky":false,"template":"","format":"standard","meta":{"footnotes":""},"categories":[25],"tags":[77],"class_list":["post-18384","post","type-post","status-publish","format-standard","has-post-thumbnail","hentry","category-futbol","tag-gol"],"_links":{"self":[{"href":"https:\/\/haberbesiktas.tr\/index.php?rest_route=\/wp\/v2\/posts\/18384","targetHints":{"allow":["GET"]}}],"collection":[{"href":"https:\/\/haberbesiktas.tr\/index.php?rest_route=\/wp\/v2\/posts"}],"about":[{"href":"https:\/\/haberbesiktas.tr\/index.php?rest_route=\/wp\/v2\/types\/post"}],"author":[{"embeddable":true,"href":"https:\/\/haberbesiktas.tr\/index.php?rest_route=\/wp\/v2\/users\/1"}],"replies":[{"embeddable":true,"href":"https:\/\/haberbesiktas.tr\/index.php?rest_route=%2Fwp%2Fv2%2Fcomments&post=18384"}],"version-history":[{"count":1,"href":"https:\/\/haberbesiktas.tr\/index.php?rest_route=\/wp\/v2\/posts\/18384\/revisions"}],"predecessor-version":[{"id":18386,"href":"https:\/\/haberbesiktas.tr\/index.php?rest_route=\/wp\/v2\/posts\/18384\/revisions\/18386"}],"wp:featuredmedia":[{"embeddable":true,"href":"https:\/\/haberbesiktas.tr\/index.php?rest_route=\/wp\/v2\/media\/18385"}],"wp:attachment":[{"href":"https:\/\/haberbesiktas.tr\/index.php?rest_route=%2Fwp%2Fv2%2Fmedia&parent=18384"}],"wp:term":[{"taxonomy":"category","embeddable":true,"href":"https:\/\/haberbesiktas.tr\/index.php?rest_route=%2Fwp%2Fv2%2Fcategories&post=18384"},{"taxonomy":"post_tag","embeddable":true,"href":"https:\/\/haberbesiktas.tr\/index.php?rest_route=%2Fwp%2Fv2%2Ftags&post=18384"}],"curies":[{"name":"wp","href":"https:\/\/api.w.org\/{rel}","templated":true}]}}