{"id":18387,"date":"2025-04-11T17:36:06","date_gmt":"2025-04-11T17:36:06","guid":{"rendered":"https:\/\/haberbesiktas.tr\/?p=18387"},"modified":"2025-04-11T17:36:06","modified_gmt":"2025-04-11T17:36:06","slug":"fenerbahcenin-bitirim-ikilisi-dzeko-en-nesyri","status":"publish","type":"post","link":"https:\/\/haberbesiktas.tr\/?p=18387","title":{"rendered":"Fenerbah\u00e7e&#8217;nin bitirim ikilisi; Dzeko &#038; En-Nesyri"},"content":{"rendered":"<div>Fenerbah\u00e7e, Anderlecht&#8217;i Kad\u0131k\u00f6y&#8217;de y\u0131ld\u0131zlar\u0131yla ge\u00e7ti.<\/p>\n<p> Bilhassa iki golc\u00fcs\u00fc hem saha i\u00e7indeki oyunlar\u0131yla hem de att\u0131klar\u0131 gollerle trib\u00fcnleri mest etti. <\/p>\n<p>\u00d6nce dakikalar 42&#8217;yi g\u00f6sterdi\u011finde sahneye Edin Dzeko \u00e7\u0131kt\u0131. Sar\u0131-lacivertlilerin Bo\u015fnak kaptan\u0131, soldan ceza alan\u0131 i\u00e7ine girdi, birinci \u015futu savunmadan d\u00f6nd\u00fc, akabinde \u00f6n\u00fcne d\u00fc\u015fen me\u015fin yuvarla\u011f\u0131 \u015f\u0131k bir vuru\u015fla k\u00f6\u015feden a\u011flarla bulu\u015fturdu. Avrupa Ligi&#8217;ndeki \u00fc\u00e7\u00fcnc\u00fc gol\u00fcn\u00fc atan Dzeko, toplamda ise bu d\u00f6nem Fenerbah\u00e7e formas\u0131yla 18&#8217;inci gol sevincini ya\u015fad\u0131.<\/p>\n<p> <strong>PENALTI NOKTASINDAN<\/strong><\/p>\n<p> Dzeko ayr\u0131yeten; sar\u0131-lacivertli formayla Avrupa kupalar\u0131n\u0131n k\u00fcme sonras\u0131 evrelerinde gol atan en ya\u015fl\u0131 isim oldu (38 ya\u015f 333 g\u00fcn). Dzeko&#8217;nun akabinde dakikalar 57&#8217;yi g\u00f6sterdi\u011finde ise &#8216;bay kafa&#8217; sahneye \u00e7\u0131kt\u0131. Soldan Szymanski&#8217;nin ortas\u0131nda penalt\u0131 noktas\u0131ndan harika bir ba\u015f vuru\u015fu yapan Youssef En-Nesyri, Fenerbah\u00e7e&#8217;yi 3-0 \u00f6ne ge\u00e7irdi. Bu gol Fasl\u0131 y\u0131ld\u0131z\u0131n, bu d\u00f6nem t\u00fcm kulvarlarda kaydetti\u011fi 21&#8217;inci gol oldu ve ge\u00e7en sezonki Sevilla performans\u0131n\u0131 geride b\u0131rakt\u0131. Nesyri, sar\u0131-lacivertlilerin, bu sezonki en skorer ismi pozisyonunda.<\/p>\n<p> <strong>NESYR\u0130 \u00dc\u00c7\u00dcNC\u00dc OLDU<\/strong><\/p>\n<p> Bu d\u00f6nem Avrupa kupalar\u0131n\u0131n lig ve sonras\u0131 basamaklar\u0131nda be\u015finci sefer a\u011flar\u0131 sarsan Youssef En-Nesyri, Fenerbah\u00e7e tarihinde bunu ba\u015faran \u00fc\u00e7\u00fcnc\u00fc isim oldu. Birinci olarak bunu ba\u015faran 2004-2005 d\u00f6neminde Tuncay Ulu olmu\u015ftu. Akabinde 2007- 2008 d\u00f6neminde Deivid de Souza, 5 gole ula\u015fm\u0131\u015ft\u0131. 17 d\u00f6nem sonra ise Nesyri, bu rekora ortak oldu. Fasl\u0131 oyuncu, r\u00f6van\u015f m\u00fcsabakas\u0131nda gol atarsa, iki y\u0131ld\u0131z\u0131 da geride b\u0131rakacak.\u00a0<\/p>\n<div>\u00a0<\/div>\n<p> \u00a0<\/p>\n<p> \u00a0<\/p>\n<\/div>\n<p><\/p>\n","protected":false},"excerpt":{"rendered":"<p>Fenerbah\u00e7e&#8217;nin golc\u00fcleri Kad\u0131k\u00f6y&#8217;de adeta g\u00f6steri yapt\u0131. Edin Dzeko ve Youssef En-Nesyri, cins kap\u0131s\u0131n\u0131 arkas\u0131na kadar aralad\u0131. \u0130ki y\u0131ld\u0131z\u0131n\u0131n att\u0131\u011f\u0131 gollerle Anderlecht&#8217;i deviren Sar\u0131-Lacivertliler, taraftarlar\u0131na da adeta resital sundu.<\/p>\n","protected":false},"author":1,"featured_media":18388,"comment_status":"open","ping_status":"open","sticky":false,"template":"","format":"standard","meta":{"footnotes":""},"categories":[25],"tags":[77,1886,57],"class_list":["post-18387","post","type-post","status-publish","format-standard","has-post-thumbnail","hentry","category-futbol","tag-gol","tag-nesyri","tag-sezon"],"_links":{"self":[{"href":"https:\/\/haberbesiktas.tr\/index.php?rest_route=\/wp\/v2\/posts\/18387","targetHints":{"allow":["GET"]}}],"collection":[{"href":"https:\/\/haberbesiktas.tr\/index.php?rest_route=\/wp\/v2\/posts"}],"about":[{"href":"https:\/\/haberbesiktas.tr\/index.php?rest_route=\/wp\/v2\/types\/post"}],"author":[{"embeddable":true,"href":"https:\/\/haberbesiktas.tr\/index.php?rest_route=\/wp\/v2\/users\/1"}],"replies":[{"embeddable":true,"href":"https:\/\/haberbesiktas.tr\/index.php?rest_route=%2Fwp%2Fv2%2Fcomments&post=18387"}],"version-history":[{"count":1,"href":"https:\/\/haberbesiktas.tr\/index.php?rest_route=\/wp\/v2\/posts\/18387\/revisions"}],"predecessor-version":[{"id":18389,"href":"https:\/\/haberbesiktas.tr\/index.php?rest_route=\/wp\/v2\/posts\/18387\/revisions\/18389"}],"wp:featuredmedia":[{"embeddable":true,"href":"https:\/\/haberbesiktas.tr\/index.php?rest_route=\/wp\/v2\/media\/18388"}],"wp:attachment":[{"href":"https:\/\/haberbesiktas.tr\/index.php?rest_route=%2Fwp%2Fv2%2Fmedia&parent=18387"}],"wp:term":[{"taxonomy":"category","embeddable":true,"href":"https:\/\/haberbesiktas.tr\/index.php?rest_route=%2Fwp%2Fv2%2Fcategories&post=18387"},{"taxonomy":"post_tag","embeddable":true,"href":"https:\/\/haberbesiktas.tr\/index.php?rest_route=%2Fwp%2Fv2%2Ftags&post=18387"}],"curies":[{"name":"wp","href":"https:\/\/api.w.org\/{rel}","templated":true}]}}