{"id":18393,"date":"2025-04-11T18:00:07","date_gmt":"2025-04-11T18:00:07","guid":{"rendered":"https:\/\/haberbesiktas.tr\/?p=18393"},"modified":"2025-04-11T18:00:07","modified_gmt":"2025-04-11T18:00:07","slug":"fenerbahcede-szymanski-acildi","status":"publish","type":"post","link":"https:\/\/haberbesiktas.tr\/?p=18393","title":{"rendered":"Fenerbah\u00e7e&#8217;de Szymanski a\u00e7\u0131ld\u0131"},"content":{"rendered":"<div>UEFA Avrupa Ligi son 16 play-off \u00e7e\u015fidi birinci ma\u00e7\u0131nda konuk etti\u011fi Bel\u00e7ika&#8217;n\u0131n Anderlecht kadrosunu 3-0 yenen Fenerbah\u00e7e, r\u00f6van\u015f \u00f6ncesinde b\u00fcy\u00fck avantaj yakalad\u0131.<\/p>\n<p> Alanyaspor ma\u00e7\u0131nda Fenerbah\u00e7e&#8217;nin Harika Lig&#8217;deki 4000. gol\u00fcne imza atarak tarihe ge\u00e7en Sebastian Szymanski, d\u00fcn de Youssef En-Nesyri&#8217;nin gol\u00fcnde asisti yapan isimdi.<\/p>\n<p> Polonyal\u0131 oyuncu, Avrupa Ligi&#8217;nde 3. kere gol pas\u0131 verirken toplamda 8&#8217;e ula\u015ft\u0131. Szymanski, performans\u0131yla parmak \u0131s\u0131rtt\u0131.\u00a0<\/p>\n<div>\u00a0<\/div>\n<p> \u00a0<\/p>\n<\/div>\n<p><\/p>\n","protected":false},"excerpt":{"rendered":"<p>Alanyaspor ma\u00e7\u0131nda Fenerbah\u00e7e&#8217;nin Muhte\u015fem Lig&#8217;deki 4000. gol\u00fcne imza atarak tarihe ge\u00e7en Sebastian Szymanski, d\u00fcn de Youssef En-Nesyri&#8217;nin gol\u00fcnde asisti yapan isimdi.<\/p>\n","protected":false},"author":1,"featured_media":18394,"comment_status":"open","ping_status":"open","sticky":false,"template":"","format":"standard","meta":{"footnotes":""},"categories":[25],"tags":[],"class_list":["post-18393","post","type-post","status-publish","format-standard","has-post-thumbnail","hentry","category-futbol"],"_links":{"self":[{"href":"https:\/\/haberbesiktas.tr\/index.php?rest_route=\/wp\/v2\/posts\/18393","targetHints":{"allow":["GET"]}}],"collection":[{"href":"https:\/\/haberbesiktas.tr\/index.php?rest_route=\/wp\/v2\/posts"}],"about":[{"href":"https:\/\/haberbesiktas.tr\/index.php?rest_route=\/wp\/v2\/types\/post"}],"author":[{"embeddable":true,"href":"https:\/\/haberbesiktas.tr\/index.php?rest_route=\/wp\/v2\/users\/1"}],"replies":[{"embeddable":true,"href":"https:\/\/haberbesiktas.tr\/index.php?rest_route=%2Fwp%2Fv2%2Fcomments&post=18393"}],"version-history":[{"count":1,"href":"https:\/\/haberbesiktas.tr\/index.php?rest_route=\/wp\/v2\/posts\/18393\/revisions"}],"predecessor-version":[{"id":18395,"href":"https:\/\/haberbesiktas.tr\/index.php?rest_route=\/wp\/v2\/posts\/18393\/revisions\/18395"}],"wp:featuredmedia":[{"embeddable":true,"href":"https:\/\/haberbesiktas.tr\/index.php?rest_route=\/wp\/v2\/media\/18394"}],"wp:attachment":[{"href":"https:\/\/haberbesiktas.tr\/index.php?rest_route=%2Fwp%2Fv2%2Fmedia&parent=18393"}],"wp:term":[{"taxonomy":"category","embeddable":true,"href":"https:\/\/haberbesiktas.tr\/index.php?rest_route=%2Fwp%2Fv2%2Fcategories&post=18393"},{"taxonomy":"post_tag","embeddable":true,"href":"https:\/\/haberbesiktas.tr\/index.php?rest_route=%2Fwp%2Fv2%2Ftags&post=18393"}],"curies":[{"name":"wp","href":"https:\/\/api.w.org\/{rel}","templated":true}]}}