{"id":1841,"date":"2025-01-08T00:06:46","date_gmt":"2025-01-08T00:06:46","guid":{"rendered":"https:\/\/haberbesiktas.tr\/?p=1841"},"modified":"2025-01-08T00:06:46","modified_gmt":"2025-01-08T00:06:46","slug":"arda-guler-2-gol-atti-real-madrid-turu-gecti","status":"publish","type":"post","link":"https:\/\/haberbesiktas.tr\/?p=1841","title":{"rendered":"Arda G\u00fcler 2 gol att\u0131, Real Madrid turu ge\u00e7ti"},"content":{"rendered":"<div>Real Madrid, \u0130spanya Kral Kupas\u0131 son 32 tipinde Minera&#8217;y\u0131 5-0 ma\u011flup ederek cins atlad\u0131.<\/p>\n<p>Municipal Cartagonova&#8217;da oynanan ma\u00e7ta Real Madrid&#8217;de forma giyen ulusal futbolcumuz Arda G\u00fcler, 28 ve 88. dakikalarda att\u0131\u011f\u0131 goller ile ma\u00e7a damgas\u0131n\u0131 vurdu.<\/p>\n<p>Real Madrid&#8217;in \u00f6teki gollerini ise 5. dakikada Fede Valverde, 13. dakikada Camavinga ve 55. dakikada Luka Modric kaydetti.<\/p>\n<p>Arda G\u00fcler, 90 dakika alanda kald\u0131\u011f\u0131 ma\u00e7ta b\u00fcy\u00fck be\u011feni toplad\u0131.<\/p>\n<p>Bu sonu\u00e7la birlikte Real Madrid son 16 tipine y\u00fckselirken, Minera kupaya veda etti. <\/p>\n<p>https:\/\/twitter.com\/sporxtv\/status\/1876336056188215598<\/p>\n<p>https:\/\/twitter.com\/sporxtv\/status\/1876356376827695369<\/p>\n<\/p><\/div>\n","protected":false},"excerpt":{"rendered":"<p>Real Madrid, \u0130spanya Kral Kupas\u0131 son 32 tipinde Minera&#8217;y\u0131 5-0 ma\u011flup ederek cins atlad\u0131. Arda G\u00fcler, 2 gol ile y\u0131ld\u0131zla\u015ft\u0131<\/p>\n","protected":false},"author":1,"featured_media":1842,"comment_status":"open","ping_status":"open","sticky":false,"template":"","format":"standard","meta":{"footnotes":""},"categories":[25],"tags":[109],"class_list":["post-1841","post","type-post","status-publish","format-standard","has-post-thumbnail","hentry","category-futbol","tag-dakika"],"_links":{"self":[{"href":"https:\/\/haberbesiktas.tr\/index.php?rest_route=\/wp\/v2\/posts\/1841","targetHints":{"allow":["GET"]}}],"collection":[{"href":"https:\/\/haberbesiktas.tr\/index.php?rest_route=\/wp\/v2\/posts"}],"about":[{"href":"https:\/\/haberbesiktas.tr\/index.php?rest_route=\/wp\/v2\/types\/post"}],"author":[{"embeddable":true,"href":"https:\/\/haberbesiktas.tr\/index.php?rest_route=\/wp\/v2\/users\/1"}],"replies":[{"embeddable":true,"href":"https:\/\/haberbesiktas.tr\/index.php?rest_route=%2Fwp%2Fv2%2Fcomments&post=1841"}],"version-history":[{"count":1,"href":"https:\/\/haberbesiktas.tr\/index.php?rest_route=\/wp\/v2\/posts\/1841\/revisions"}],"predecessor-version":[{"id":1843,"href":"https:\/\/haberbesiktas.tr\/index.php?rest_route=\/wp\/v2\/posts\/1841\/revisions\/1843"}],"wp:featuredmedia":[{"embeddable":true,"href":"https:\/\/haberbesiktas.tr\/index.php?rest_route=\/wp\/v2\/media\/1842"}],"wp:attachment":[{"href":"https:\/\/haberbesiktas.tr\/index.php?rest_route=%2Fwp%2Fv2%2Fmedia&parent=1841"}],"wp:term":[{"taxonomy":"category","embeddable":true,"href":"https:\/\/haberbesiktas.tr\/index.php?rest_route=%2Fwp%2Fv2%2Fcategories&post=1841"},{"taxonomy":"post_tag","embeddable":true,"href":"https:\/\/haberbesiktas.tr\/index.php?rest_route=%2Fwp%2Fv2%2Ftags&post=1841"}],"curies":[{"name":"wp","href":"https:\/\/api.w.org\/{rel}","templated":true}]}}