{"id":18427,"date":"2025-04-11T20:12:05","date_gmt":"2025-04-11T20:12:05","guid":{"rendered":"https:\/\/haberbesiktas.tr\/?p=18427"},"modified":"2025-04-11T20:12:05","modified_gmt":"2025-04-11T20:12:05","slug":"galatasarayda-kostebek-operasyonu","status":"publish","type":"post","link":"https:\/\/haberbesiktas.tr\/?p=18427","title":{"rendered":"Galatasaray&#8217;da k\u00f6stebek operasyonu!"},"content":{"rendered":"<div>UEFA Avrupa Ligi&#8217;nde AZ Alkmaar&#8217;a 4-1&#8217;lik skorla kaybeden Galatasaray&#8217;da ma\u00e7 sonu kadar ma\u00e7 \u00f6n\u00fc teknik direkt\u00f6r Okan Buruk&#8217;un s\u00f6zleri de g\u00fcndem oldu.<\/p>\n<p> Okan Buruk, ma\u00e7 \u00f6ncesi yapt\u0131\u011f\u0131 a\u00e7\u0131klamada daima tak\u0131m\u0131n s\u0131zd\u0131\u011f\u0131ndan \u015fikayet etti ve bu duruma reaksiyon g\u00f6sterdi.<\/p>\n<p> Galatasaray \u0130daresi, Okan Buruk&#8217;un kelamlar\u0131n\u0131n akabinde harekete ge\u00e7me karar\u0131 ald\u0131. Sar\u0131-k\u0131rm\u0131z\u0131l\u0131 y\u00f6netimciler, AZ Alkmaar ma\u00e7\u0131n\u0131n akabinde Florya&#8217;da k\u00f6stebek operasyonu ba\u015flatacak.<\/p>\n<p> <strong>OKAN BURUK NE DED\u0130?<\/strong><\/p>\n<p> Galatasaray Teknik Y\u00f6neticisi Okan Buruk, AZ Alkmaar ma\u00e7\u0131 \u00f6ncesi yapt\u0131\u011f\u0131 a\u00e7\u0131klamada, <strong>&#8220;G\u00fcn i\u00e7inde kadroyu verdiniz. Florya&#8217;dan her \u015fey \u00e7\u0131k\u0131yor maalesef. Kimden, nas\u0131l \u00e7\u0131k\u0131yor, hangi tak\u0131mlar kime ula\u015ft\u0131r\u0131l\u0131yor, bilmiyoruz. Daha sert olmal\u0131y\u0131z bununla ilgili. Devaml\u0131 tak\u0131m s\u0131z\u0131yor. Bu benim \u0131st\u0131rab\u0131m. Bu ma\u00e7ta tak\u0131m varsay\u0131m\u0131 kolay, zira \u00e7ok kalabal\u0131k bir tak\u0131m\u0131m\u0131z yok bu ma\u00e7ta.&#8221;<\/strong> demi\u015fti.<\/p>\n<\/div>\n<p><\/p>\n","protected":false},"excerpt":{"rendered":"<p>Galatasaray, teknik y\u00f6netici Okan Buruk&#8217;un kelamlar\u0131n\u0131n akabinde Florya&#8217;da k\u00f6stebek operasyonu ba\u015flat\u0131yor.<\/p>\n","protected":false},"author":1,"featured_media":18428,"comment_status":"open","ping_status":"open","sticky":false,"template":"","format":"standard","meta":{"footnotes":""},"categories":[25],"tags":[1293,50,208],"class_list":["post-18427","post","type-post","status-publish","format-standard","has-post-thumbnail","hentry","category-futbol","tag-kadro","tag-mac","tag-okan-buruk"],"_links":{"self":[{"href":"https:\/\/haberbesiktas.tr\/index.php?rest_route=\/wp\/v2\/posts\/18427","targetHints":{"allow":["GET"]}}],"collection":[{"href":"https:\/\/haberbesiktas.tr\/index.php?rest_route=\/wp\/v2\/posts"}],"about":[{"href":"https:\/\/haberbesiktas.tr\/index.php?rest_route=\/wp\/v2\/types\/post"}],"author":[{"embeddable":true,"href":"https:\/\/haberbesiktas.tr\/index.php?rest_route=\/wp\/v2\/users\/1"}],"replies":[{"embeddable":true,"href":"https:\/\/haberbesiktas.tr\/index.php?rest_route=%2Fwp%2Fv2%2Fcomments&post=18427"}],"version-history":[{"count":1,"href":"https:\/\/haberbesiktas.tr\/index.php?rest_route=\/wp\/v2\/posts\/18427\/revisions"}],"predecessor-version":[{"id":18429,"href":"https:\/\/haberbesiktas.tr\/index.php?rest_route=\/wp\/v2\/posts\/18427\/revisions\/18429"}],"wp:featuredmedia":[{"embeddable":true,"href":"https:\/\/haberbesiktas.tr\/index.php?rest_route=\/wp\/v2\/media\/18428"}],"wp:attachment":[{"href":"https:\/\/haberbesiktas.tr\/index.php?rest_route=%2Fwp%2Fv2%2Fmedia&parent=18427"}],"wp:term":[{"taxonomy":"category","embeddable":true,"href":"https:\/\/haberbesiktas.tr\/index.php?rest_route=%2Fwp%2Fv2%2Fcategories&post=18427"},{"taxonomy":"post_tag","embeddable":true,"href":"https:\/\/haberbesiktas.tr\/index.php?rest_route=%2Fwp%2Fv2%2Ftags&post=18427"}],"curies":[{"name":"wp","href":"https:\/\/api.w.org\/{rel}","templated":true}]}}