{"id":18430,"date":"2025-04-11T20:24:05","date_gmt":"2025-04-11T20:24:05","guid":{"rendered":"https:\/\/haberbesiktas.tr\/?p=18430"},"modified":"2025-04-11T20:24:05","modified_gmt":"2025-04-11T20:24:05","slug":"galatasarayda-cuesta-sinifta-kaldi","status":"publish","type":"post","link":"https:\/\/haberbesiktas.tr\/?p=18430","title":{"rendered":"Galatasaray&#8217;da Cuesta s\u0131n\u0131fta kald\u0131!"},"content":{"rendered":"<div>Galatasaray&#8217;\u0131n orta transfer periyodundaki desteklerinden biri olan Carlos Cuesta, Hollanda&#8217;da s\u0131n\u0131f\u0131 ge\u00e7emedi.<\/p>\n<p> Kolombiyal\u0131 savunma oyuncusu, Galatasaray&#8217;\u0131n UEFA Avrupa Ligi play-off tipinde AZ Alkmaar ile deplasmanda oynad\u0131\u011f\u0131 ma\u00e7a birinci 11&#8217;de ba\u015flad\u0131 ve sar\u0131-k\u0131rm\u0131z\u0131l\u0131 forma ile Avrupa arenas\u0131nda birinci defa 11&#8217;de yer ald\u0131.<\/p>\n<p> Galatasaray, AZ Alkmaar kar\u015f\u0131s\u0131nda alandan 4-1&#8217;lik ma\u011flubiyetle ayr\u0131l\u0131rken Cuesta da performans\u0131yla hayal k\u0131r\u0131kl\u0131\u011f\u0131 yaratt\u0131.<\/p>\n<\/div>\n<p><\/p>\n","protected":false},"excerpt":{"rendered":"<p>Galatasaray&#8217;\u0131n AZ Alkmaar ile oynad\u0131\u011f\u0131 ma\u00e7ta birinci 11&#8217;de alana \u00e7\u0131kan Carlos Cuesta, performans\u0131yla s\u0131n\u0131f\u0131 ge\u00e7emedi.<\/p>\n","protected":false},"author":1,"featured_media":18431,"comment_status":"open","ping_status":"open","sticky":false,"template":"","format":"standard","meta":{"footnotes":""},"categories":[25],"tags":[],"class_list":["post-18430","post","type-post","status-publish","format-standard","has-post-thumbnail","hentry","category-futbol"],"_links":{"self":[{"href":"https:\/\/haberbesiktas.tr\/index.php?rest_route=\/wp\/v2\/posts\/18430","targetHints":{"allow":["GET"]}}],"collection":[{"href":"https:\/\/haberbesiktas.tr\/index.php?rest_route=\/wp\/v2\/posts"}],"about":[{"href":"https:\/\/haberbesiktas.tr\/index.php?rest_route=\/wp\/v2\/types\/post"}],"author":[{"embeddable":true,"href":"https:\/\/haberbesiktas.tr\/index.php?rest_route=\/wp\/v2\/users\/1"}],"replies":[{"embeddable":true,"href":"https:\/\/haberbesiktas.tr\/index.php?rest_route=%2Fwp%2Fv2%2Fcomments&post=18430"}],"version-history":[{"count":1,"href":"https:\/\/haberbesiktas.tr\/index.php?rest_route=\/wp\/v2\/posts\/18430\/revisions"}],"predecessor-version":[{"id":18432,"href":"https:\/\/haberbesiktas.tr\/index.php?rest_route=\/wp\/v2\/posts\/18430\/revisions\/18432"}],"wp:featuredmedia":[{"embeddable":true,"href":"https:\/\/haberbesiktas.tr\/index.php?rest_route=\/wp\/v2\/media\/18431"}],"wp:attachment":[{"href":"https:\/\/haberbesiktas.tr\/index.php?rest_route=%2Fwp%2Fv2%2Fmedia&parent=18430"}],"wp:term":[{"taxonomy":"category","embeddable":true,"href":"https:\/\/haberbesiktas.tr\/index.php?rest_route=%2Fwp%2Fv2%2Fcategories&post=18430"},{"taxonomy":"post_tag","embeddable":true,"href":"https:\/\/haberbesiktas.tr\/index.php?rest_route=%2Fwp%2Fv2%2Ftags&post=18430"}],"curies":[{"name":"wp","href":"https:\/\/api.w.org\/{rel}","templated":true}]}}