{"id":18433,"date":"2025-04-11T20:36:11","date_gmt":"2025-04-11T20:36:11","guid":{"rendered":"https:\/\/haberbesiktas.tr\/?p=18433"},"modified":"2025-04-11T20:36:11","modified_gmt":"2025-04-11T20:36:11","slug":"en-nesyrinin-golu-avrupa-liginde-haftanin-golune-aday","status":"publish","type":"post","link":"https:\/\/haberbesiktas.tr\/?p=18433","title":{"rendered":"En-Nesyri&#8217;nin gol\u00fc, Avrupa Ligi&#8217;nde &#8216;Haftan\u0131n Gol\u00fc&#8217;ne aday"},"content":{"rendered":"<div>UEFA Avrupa Ligi son 16 play-off tipi birinci ma\u00e7\u0131nda konuk etti\u011fi Bel\u00e7ika&#8217;n\u0131n Anderlecht kadrosunu 3-0 yenen Fenerbah\u00e7e, r\u00f6van\u015f \u00f6ncesinde b\u00fcy\u00fck avantaj yakalad\u0131.<\/p>\n<p> Sar\u0131-Lacivertliler&#8217;in 3. gol\u00fcn\u00fc Youssef En-Nesyri kaydetti.\u00a0<span>En-Nesyri&#8217;nin Anderlecht&#8217;e att\u0131\u011f\u0131 ba\u015f gol\u00fc, UEFA Avrupa Ligi&#8217;nde &#8216;Haftan\u0131n Gol\u00fc&#8217; adaylar\u0131 ortas\u0131nda yer ald\u0131.<\/span><\/p>\n<p>https:\/\/twitter.com\/EuropaLeague\/status\/1890176429821989326<\/p>\n<p> Ma\u00e7\u0131n ikinci yar\u0131s\u0131nda dakikalar 57&#8217;yi g\u00f6sterdi\u011finde sol kanattan Sebastian Szymanski, ceza alan\u0131na ho\u015f bir orta g\u00f6nderdi. Penalt\u0131 noktas\u0131n\u0131n az gerisinde topa y\u00fckselen En-Nesyri, \u015f\u0131k bir ba\u015f vuru\u015fu ile kadrosunun alandan 3-0 galip ayr\u0131lmas\u0131nda hisse sahiplerinden oldu.<\/p>\n<p>https:\/\/twitter.com\/sporxtv\/status\/1890114891966726556<\/p>\n<\/p><\/div>\n<p><\/p>\n","protected":false},"excerpt":{"rendered":"<p>Youssef En-Nesyri&#8217;nin Anderlecht&#8217;e att\u0131\u011f\u0131 ba\u015f gol\u00fc, UEFA Avrupa Ligi&#8217;nde &#8216;Haftan\u0131n Gol\u00fc&#8217; adaylar\u0131 ortas\u0131nda yer ald\u0131.<\/p>\n","protected":false},"author":1,"featured_media":18435,"comment_status":"open","ping_status":"open","sticky":false,"template":"","format":"standard","meta":{"footnotes":""},"categories":[25],"tags":[],"class_list":["post-18433","post","type-post","status-publish","format-standard","has-post-thumbnail","hentry","category-futbol"],"_links":{"self":[{"href":"https:\/\/haberbesiktas.tr\/index.php?rest_route=\/wp\/v2\/posts\/18433","targetHints":{"allow":["GET"]}}],"collection":[{"href":"https:\/\/haberbesiktas.tr\/index.php?rest_route=\/wp\/v2\/posts"}],"about":[{"href":"https:\/\/haberbesiktas.tr\/index.php?rest_route=\/wp\/v2\/types\/post"}],"author":[{"embeddable":true,"href":"https:\/\/haberbesiktas.tr\/index.php?rest_route=\/wp\/v2\/users\/1"}],"replies":[{"embeddable":true,"href":"https:\/\/haberbesiktas.tr\/index.php?rest_route=%2Fwp%2Fv2%2Fcomments&post=18433"}],"version-history":[{"count":1,"href":"https:\/\/haberbesiktas.tr\/index.php?rest_route=\/wp\/v2\/posts\/18433\/revisions"}],"predecessor-version":[{"id":18436,"href":"https:\/\/haberbesiktas.tr\/index.php?rest_route=\/wp\/v2\/posts\/18433\/revisions\/18436"}],"wp:featuredmedia":[{"embeddable":true,"href":"https:\/\/haberbesiktas.tr\/index.php?rest_route=\/wp\/v2\/media\/18435"}],"wp:attachment":[{"href":"https:\/\/haberbesiktas.tr\/index.php?rest_route=%2Fwp%2Fv2%2Fmedia&parent=18433"}],"wp:term":[{"taxonomy":"category","embeddable":true,"href":"https:\/\/haberbesiktas.tr\/index.php?rest_route=%2Fwp%2Fv2%2Fcategories&post=18433"},{"taxonomy":"post_tag","embeddable":true,"href":"https:\/\/haberbesiktas.tr\/index.php?rest_route=%2Fwp%2Fv2%2Ftags&post=18433"}],"curies":[{"name":"wp","href":"https:\/\/api.w.org\/{rel}","templated":true}]}}