{"id":18437,"date":"2025-04-11T20:48:06","date_gmt":"2025-04-11T20:48:06","guid":{"rendered":"https:\/\/haberbesiktas.tr\/?p=18437"},"modified":"2025-04-11T20:48:06","modified_gmt":"2025-04-11T20:48:06","slug":"daniel-gafford-en-az-6-hafta-yok","status":"publish","type":"post","link":"https:\/\/haberbesiktas.tr\/?p=18437","title":{"rendered":"Daniel Gafford en az 6 hafta yok"},"content":{"rendered":"<div>Dallas Mavericks pivotu Daniel Gafford, sa\u011f dizindeki \u00fc\u00e7\u00fcnc\u00fc derece MCL burkulmas\u0131 nedeniyle en az alt\u0131 hafta alanlardan uzak kalacak.<\/p>\n<p> ESPN&#8217;den Shams Charania ve Tim MacMahon&#8217;un haberine nazaran, Gafford sakatl\u0131\u011f\u0131 Pazartesi g\u00fcn\u00fc Sacramento Kings&#8217;e kar\u015f\u0131 oynanan ma\u00e7ta ya\u015fad\u0131.<\/p>\n<p> Mavericks, birinci duyurusunda Gafford&#8217;un s\u0131rf iki hafta alanlardan uzak kalaca\u011f\u0131n\u0131 belirtmi\u015fti. Lakin yap\u0131lan ayr\u0131nt\u0131l\u0131 incelemeler sonucunda sakatl\u0131\u011f\u0131n beklenenden daha \u00f6nemli oldu\u011fu anla\u015f\u0131ld\u0131.<\/p>\n<p> Dallas&#8217;\u0131n pota alt\u0131ndaki rotasyonu asl\u0131nda epey k\u0131s\u0131tl\u0131. Ekibe yeni kat\u0131lan uzun Anthony Davis&#8217;in kas\u0131k sakatl\u0131\u011f\u0131 nedeniyle birka\u00e7 hafta daha oynamayaca\u011f\u0131 bildiriliyor. Ayr\u0131yeten, 14 Ocak&#8217;ta sa\u011f ayak bile\u011finde gerilim k\u0131r\u0131\u011f\u0131 olu\u015fan Dereck Lively II i\u00e7in \u015fimdi bir d\u00f6n\u00fc\u015f tarihi belirlenmedi. Dwight Powell ise kal\u00e7a sakatl\u0131\u011f\u0131 nedeniyle son 14 ma\u00e7ta forma giyemedi.<\/p>\n<p> Mavericks&#8217;in tak\u0131m\u0131nda \u015fu anda sa\u011fl\u0131kl\u0131 tek uzun, NBA&#8217;de s\u0131rf yedi ma\u00e7ta forma giyen 27 ya\u015f\u0131ndaki \u00e7aylak Kylor Kelley. Son iki ma\u00e7ta, Dallas 2.04 metre uzunlu\u011fundaki iki tarafl\u0131 forvet Kessler Edwards&#8217;\u0131 pivot durumunda oynatarak Golden State Warriors ve Miami Heat kar\u015f\u0131s\u0131nda galibiyet ald\u0131.<\/p>\n<p> Bu d\u00f6nem 51 ma\u00e7ta forma giyen 26 ya\u015f\u0131ndaki Gafford, 12.3 say\u0131, 6.9 ribaund ve 1.9 blok ortalamalar\u0131yla oynuyor.<\/p>\n<\/div>\n<p><\/p>\n","protected":false},"excerpt":{"rendered":"<p>Dallas Mavericks pivotu Daniel Gafford, sa\u011f dizindeki \u00fc\u00e7\u00fcnc\u00fc derece MCL burkulmas\u0131 nedeniyle en az alt\u0131 hafta alanlardan uzak kalacak.<\/p>\n","protected":false},"author":1,"featured_media":18438,"comment_status":"open","ping_status":"open","sticky":false,"template":"","format":"standard","meta":{"footnotes":""},"categories":[10],"tags":[],"class_list":["post-18437","post","type-post","status-publish","format-standard","has-post-thumbnail","hentry","category-basketbol"],"_links":{"self":[{"href":"https:\/\/haberbesiktas.tr\/index.php?rest_route=\/wp\/v2\/posts\/18437","targetHints":{"allow":["GET"]}}],"collection":[{"href":"https:\/\/haberbesiktas.tr\/index.php?rest_route=\/wp\/v2\/posts"}],"about":[{"href":"https:\/\/haberbesiktas.tr\/index.php?rest_route=\/wp\/v2\/types\/post"}],"author":[{"embeddable":true,"href":"https:\/\/haberbesiktas.tr\/index.php?rest_route=\/wp\/v2\/users\/1"}],"replies":[{"embeddable":true,"href":"https:\/\/haberbesiktas.tr\/index.php?rest_route=%2Fwp%2Fv2%2Fcomments&post=18437"}],"version-history":[{"count":1,"href":"https:\/\/haberbesiktas.tr\/index.php?rest_route=\/wp\/v2\/posts\/18437\/revisions"}],"predecessor-version":[{"id":18439,"href":"https:\/\/haberbesiktas.tr\/index.php?rest_route=\/wp\/v2\/posts\/18437\/revisions\/18439"}],"wp:featuredmedia":[{"embeddable":true,"href":"https:\/\/haberbesiktas.tr\/index.php?rest_route=\/wp\/v2\/media\/18438"}],"wp:attachment":[{"href":"https:\/\/haberbesiktas.tr\/index.php?rest_route=%2Fwp%2Fv2%2Fmedia&parent=18437"}],"wp:term":[{"taxonomy":"category","embeddable":true,"href":"https:\/\/haberbesiktas.tr\/index.php?rest_route=%2Fwp%2Fv2%2Fcategories&post=18437"},{"taxonomy":"post_tag","embeddable":true,"href":"https:\/\/haberbesiktas.tr\/index.php?rest_route=%2Fwp%2Fv2%2Ftags&post=18437"}],"curies":[{"name":"wp","href":"https:\/\/api.w.org\/{rel}","templated":true}]}}