{"id":18456,"date":"2025-04-11T22:00:06","date_gmt":"2025-04-11T22:00:06","guid":{"rendered":"https:\/\/haberbesiktas.tr\/?p=18456"},"modified":"2025-04-11T22:00:06","modified_gmt":"2025-04-11T22:00:06","slug":"nba-curry-ve-ionescunun-bu-seneki-yarismasini-iptal-etti","status":"publish","type":"post","link":"https:\/\/haberbesiktas.tr\/?p=18456","title":{"rendered":"NBA, Curry ve Ionescu&#8217;nun bu seneki yar\u0131\u015fmas\u0131n\u0131 &#8220;iptal etti&#8221;"},"content":{"rendered":"<div>NBA, Stephen Curry ve Sabrina Ionescu&#8217;nun All-Star Hafta Sonu&#8217;nda yapmay\u0131 planlad\u0131klar\u0131 \u00fc\u00e7l\u00fck yar\u0131\u015f\u0131n\u0131n iptal edildi\u011fini duyurdu.<\/p>\n<p> NBA s\u00f6zc\u00fcs\u00fc Mike Bass, ESPN&#8217;e yapt\u0131\u011f\u0131 a\u00e7\u0131klamada<strong>, &#8220;Ge\u00e7en y\u0131l\u0131n \u00f6zel an\u0131n\u0131 daha da ileri ta\u015f\u0131yacak bir format \u00fczerinde anla\u015famad\u0131k. Bu y\u00fczden plan\u0131 iptal etmeye ve All-Star Pazar g\u00fcn\u00fc yeni formata odaklanmaya karar verdik,&#8221;<\/strong> dedi.<\/p>\n<p> The Athletic&#8217;in haberine nazaran, Curry ve Ionescu, m\u00fcsabakay\u0131 Caitlin Clark ve Klay Thompson&#8217;\u0131n da kat\u0131laca\u011f\u0131 geni\u015fletilmi\u015f bir formata ta\u015f\u0131mak istiyordu. Lakin Clark&#8217;\u0131n yar\u0131\u015fa kat\u0131lmak istememesi, planlar\u0131n suya d\u00fc\u015fmesine neden oldu.<\/p>\n<p> Ge\u00e7ti\u011fimiz y\u0131l Indianapolis&#8217;te d\u00fczenlenen All-Star etkinli\u011finde Curry, Ionescu&#8217;yu 29-26&#8217;l\u0131k skorla ma\u011flup etmi\u015fti.<\/p>\n<\/div>\n<p><\/p>\n","protected":false},"excerpt":{"rendered":"<p>NBA, Stephen Curry ve Sabrina Ionescu&#8217;nun All-Star Hafta Sonu&#8217;nda yapmay\u0131 planlad\u0131klar\u0131 \u00fc\u00e7l\u00fck yar\u0131\u015f\u0131n\u0131n iptal edildi\u011fini duyurdu.<\/p>\n","protected":false},"author":1,"featured_media":18457,"comment_status":"open","ping_status":"open","sticky":false,"template":"","format":"standard","meta":{"footnotes":""},"categories":[10],"tags":[],"class_list":["post-18456","post","type-post","status-publish","format-standard","has-post-thumbnail","hentry","category-basketbol"],"_links":{"self":[{"href":"https:\/\/haberbesiktas.tr\/index.php?rest_route=\/wp\/v2\/posts\/18456","targetHints":{"allow":["GET"]}}],"collection":[{"href":"https:\/\/haberbesiktas.tr\/index.php?rest_route=\/wp\/v2\/posts"}],"about":[{"href":"https:\/\/haberbesiktas.tr\/index.php?rest_route=\/wp\/v2\/types\/post"}],"author":[{"embeddable":true,"href":"https:\/\/haberbesiktas.tr\/index.php?rest_route=\/wp\/v2\/users\/1"}],"replies":[{"embeddable":true,"href":"https:\/\/haberbesiktas.tr\/index.php?rest_route=%2Fwp%2Fv2%2Fcomments&post=18456"}],"version-history":[{"count":1,"href":"https:\/\/haberbesiktas.tr\/index.php?rest_route=\/wp\/v2\/posts\/18456\/revisions"}],"predecessor-version":[{"id":18458,"href":"https:\/\/haberbesiktas.tr\/index.php?rest_route=\/wp\/v2\/posts\/18456\/revisions\/18458"}],"wp:featuredmedia":[{"embeddable":true,"href":"https:\/\/haberbesiktas.tr\/index.php?rest_route=\/wp\/v2\/media\/18457"}],"wp:attachment":[{"href":"https:\/\/haberbesiktas.tr\/index.php?rest_route=%2Fwp%2Fv2%2Fmedia&parent=18456"}],"wp:term":[{"taxonomy":"category","embeddable":true,"href":"https:\/\/haberbesiktas.tr\/index.php?rest_route=%2Fwp%2Fv2%2Fcategories&post=18456"},{"taxonomy":"post_tag","embeddable":true,"href":"https:\/\/haberbesiktas.tr\/index.php?rest_route=%2Fwp%2Fv2%2Ftags&post=18456"}],"curies":[{"name":"wp","href":"https:\/\/api.w.org\/{rel}","templated":true}]}}