{"id":18551,"date":"2025-04-12T04:12:06","date_gmt":"2025-04-12T04:12:06","guid":{"rendered":"https:\/\/haberbesiktas.tr\/?p=18551"},"modified":"2025-04-12T04:12:06","modified_gmt":"2025-04-12T04:12:06","slug":"2025-cev-kadinlar-sampiyonlar-ligi-dortlu-finali-istanbulda","status":"publish","type":"post","link":"https:\/\/haberbesiktas.tr\/?p=18551","title":{"rendered":"2025 CEV Kad\u0131nlar \u015eampiyonlar Ligi D\u00f6rtl\u00fc Finali \u0130stanbul&#8217;da !"},"content":{"rendered":"<p>CEV \u015eampiyonlar Ligi Bayanlar D\u00f6rtl\u00fc Final&#8217;i bu y\u0131l \u0130stanbul&#8217;da d\u00fczenlenecek.<\/p>\n<p> M\u00fcsabakalar 3-4 May\u0131s 2025 tarihleri ortas\u0131nda \u00dclker Spor ve Aktiflik Salonu&#8217;nda oynanacak.<\/p>\n<p> <strong> T\u00fcrkiye Voleybol Federasyonu&#8217;ndan yap\u0131lan a\u00e7\u0131klamada \u015fu s\u00f6zlere yer verildi:<\/strong><\/p>\n<p> &#8220;Voleybol severler, 3-4 May\u0131s 2025 tarihlerinde d\u00fczenlenecek bu harika tertipte, Avrupa&#8217;n\u0131n en yeterli d\u00f6rt ekibinin \u015fampiyonluk u\u011fra\u015f\u0131na tan\u0131kl\u0131k edecek.<\/p>\n<p> Tertip ile ilgili kan\u0131lar\u0131n\u0131 aktaran T\u00fcrkiye Voleybol Federasyonu Ba\u015fkan\u0131 Mehmet Akif \u00dcst\u00fcnda\u011f \u015funlar\u0131 s\u00f6yledi:<\/p>\n<p> &#8220;Avrupa&#8217;n\u0131n kul\u00fcpler seviyesindeki en itibarl\u0131 turnuvas\u0131 olan CEV Voleybol \u015eampiyonlar Ligi Bayanlar D\u00f6rtl\u00fc Finali&#8217;ne 3-4 May\u0131s 2025 tarihlerinde d\u00fcnyan\u0131n en be\u011fenilen kenti olan \u0130stanbul&#8217;da konut sahipli\u011fi yapacak olmaktan b\u00fcy\u00fck gurur ve memnunluk duyuyoruz. Bu b\u00fcy\u00fck tertibin \u00fclkemize al\u0131nmas\u0131nda eme\u011fi ge\u00e7en herkese te\u015fekk\u00fcr ediyor, t\u00fcm ekiplere ve atletlere \u015fimdiden muvaffakiyetler diliyorum. Avrupa Voleybol Konfederasyonu&#8217;na (CEV) ve Lider Roko Sikiric&#8217;e de bu de\u011ferli tertibi T\u00fcrkiye&#8217;ye emanet ettikleri i\u00e7in \u015f\u00fckranlar\u0131m\u0131 sunuyorum.&#8221;<\/p>\n<p> \u0130stanbul&#8217;un e\u015f\u015fiz bir tarihi mirasa sahip, de\u011ferli bir voleybol merkezi oldu\u011funu vurgulayan Avrupa Voleybol Konfederasyonu (CEV) Ba\u015fkan\u0131 Roko Sikiri\u0107 ise &#8220;Bu nedenle 2018&#8217;den sonra birinci kez \u015eampiyonlar Ligi D\u00f6rtl\u00fc Finali&#8217;ni d\u00fczenlemek i\u00e7in \u00fclk\u00fc bir yer. T\u00fcrk voleybol severler inan\u0131lmaz derecede bilgili ve tutkulu lakin \u00e7ok say\u0131da milletleraras\u0131 taraftar\u0131 da a\u011f\u0131rlamay\u0131 d\u00f6rt g\u00f6zle bekliyoruz. Lokal ortaklar\u0131m\u0131za ve bilhassa de T\u00fcrkiye Voleybol Federasyonu&#8217;na harika bir aktifli\u011fin ger\u00e7ekle\u015ftirilmesinde bizimle birlikte \u00e7al\u0131\u015fmaya haz\u0131r olduklar\u0131 i\u00e7in te\u015fekk\u00fcr etmek istiyorum&#8221; dedi.&#8221;<\/p>\n","protected":false},"excerpt":{"rendered":"<p>Avrupa&#8217;n\u0131n kul\u00fcpler seviyesindeki en itibarl\u0131 voleybol tertibi olan CEV Bayanlar \u015eampiyonlar Ligi&#8217;nde 2025 D\u00f6rtl\u00fc Final heyecan\u0131 \u0130stanbul&#8217;da ya\u015fanacak.<\/p>\n","protected":false},"author":1,"featured_media":18552,"comment_status":"open","ping_status":"open","sticky":false,"template":"","format":"standard","meta":{"footnotes":""},"categories":[39],"tags":[89,104],"class_list":["post-18551","post","type-post","status-publish","format-standard","has-post-thumbnail","hentry","category-voleybol","tag-turk","tag-voleybol"],"_links":{"self":[{"href":"https:\/\/haberbesiktas.tr\/index.php?rest_route=\/wp\/v2\/posts\/18551","targetHints":{"allow":["GET"]}}],"collection":[{"href":"https:\/\/haberbesiktas.tr\/index.php?rest_route=\/wp\/v2\/posts"}],"about":[{"href":"https:\/\/haberbesiktas.tr\/index.php?rest_route=\/wp\/v2\/types\/post"}],"author":[{"embeddable":true,"href":"https:\/\/haberbesiktas.tr\/index.php?rest_route=\/wp\/v2\/users\/1"}],"replies":[{"embeddable":true,"href":"https:\/\/haberbesiktas.tr\/index.php?rest_route=%2Fwp%2Fv2%2Fcomments&post=18551"}],"version-history":[{"count":1,"href":"https:\/\/haberbesiktas.tr\/index.php?rest_route=\/wp\/v2\/posts\/18551\/revisions"}],"predecessor-version":[{"id":18553,"href":"https:\/\/haberbesiktas.tr\/index.php?rest_route=\/wp\/v2\/posts\/18551\/revisions\/18553"}],"wp:featuredmedia":[{"embeddable":true,"href":"https:\/\/haberbesiktas.tr\/index.php?rest_route=\/wp\/v2\/media\/18552"}],"wp:attachment":[{"href":"https:\/\/haberbesiktas.tr\/index.php?rest_route=%2Fwp%2Fv2%2Fmedia&parent=18551"}],"wp:term":[{"taxonomy":"category","embeddable":true,"href":"https:\/\/haberbesiktas.tr\/index.php?rest_route=%2Fwp%2Fv2%2Fcategories&post=18551"},{"taxonomy":"post_tag","embeddable":true,"href":"https:\/\/haberbesiktas.tr\/index.php?rest_route=%2Fwp%2Fv2%2Ftags&post=18551"}],"curies":[{"name":"wp","href":"https:\/\/api.w.org\/{rel}","templated":true}]}}