{"id":18596,"date":"2025-04-12T07:00:07","date_gmt":"2025-04-12T07:00:07","guid":{"rendered":"https:\/\/haberbesiktas.tr\/?p=18596"},"modified":"2025-04-12T07:00:07","modified_gmt":"2025-04-12T07:00:07","slug":"trabzonspor-u19-takimi-atalanta-ile-eslesti","status":"publish","type":"post","link":"https:\/\/haberbesiktas.tr\/?p=18596","title":{"rendered":"Trabzonspor U19 Tak\u0131m\u0131, Atalanta ile e\u015fle\u015fti"},"content":{"rendered":"<div>Trabzonspor U19 Kadrosu, konutunda Juventus U19 Grubu&#8217;nu 1-0 ma\u011flup ederek UEFA Gen\u00e7lik Ligi&#8217;nde son 16&#8217;ya y\u00fckseldi.<\/p>\n<p> T\u00fcrk futbol tarihinde birinci kez bir ekip, UEFA Gen\u00e7lik Ligi&#8217;nde son 16&#8217;ya y\u00fckselme ba\u015far\u0131s\u0131 g\u00f6sterirken bordo mavililerin son 16&#8217;daki rakibi a\u015fik\u00e2r oldu.<\/p>\n<p> Kura sonucunda Trabzonspor, Atalanta ile e\u015fle\u015fti.<\/p>\n<p> Kura avantaj\u0131 sayesinde \u00e7aba, tek ma\u00e7 \u00fczerinden Trabzon&#8217;daki Papara Park&#8217;ta oynanacak.<\/p>\n<p> <strong>\u00c7EYREK F\u0130NAL E\u015eLE\u015eMES\u0130 DE BELL\u0130\u00a0<\/strong><\/p>\n<p> Trabzonspor U19, \u00e7eyrek finale y\u00fckselmesi halinde Bayern M\u00fcnih-Inter ma\u00e7\u0131n\u0131n galibi ile oynayacak.<\/p>\n<\/div>\n<p><\/p>\n","protected":false},"excerpt":{"rendered":"<p>Trabzonspor U19 Ekibi, UEFA Gen\u00e7lik Ligi son 16 \u00e7e\u015fidinde Atalanta ile e\u015fle\u015fti.<\/p>\n","protected":false},"author":1,"featured_media":18597,"comment_status":"open","ping_status":"open","sticky":false,"template":"","format":"standard","meta":{"footnotes":""},"categories":[25],"tags":[],"class_list":["post-18596","post","type-post","status-publish","format-standard","has-post-thumbnail","hentry","category-futbol"],"_links":{"self":[{"href":"https:\/\/haberbesiktas.tr\/index.php?rest_route=\/wp\/v2\/posts\/18596","targetHints":{"allow":["GET"]}}],"collection":[{"href":"https:\/\/haberbesiktas.tr\/index.php?rest_route=\/wp\/v2\/posts"}],"about":[{"href":"https:\/\/haberbesiktas.tr\/index.php?rest_route=\/wp\/v2\/types\/post"}],"author":[{"embeddable":true,"href":"https:\/\/haberbesiktas.tr\/index.php?rest_route=\/wp\/v2\/users\/1"}],"replies":[{"embeddable":true,"href":"https:\/\/haberbesiktas.tr\/index.php?rest_route=%2Fwp%2Fv2%2Fcomments&post=18596"}],"version-history":[{"count":1,"href":"https:\/\/haberbesiktas.tr\/index.php?rest_route=\/wp\/v2\/posts\/18596\/revisions"}],"predecessor-version":[{"id":18598,"href":"https:\/\/haberbesiktas.tr\/index.php?rest_route=\/wp\/v2\/posts\/18596\/revisions\/18598"}],"wp:featuredmedia":[{"embeddable":true,"href":"https:\/\/haberbesiktas.tr\/index.php?rest_route=\/wp\/v2\/media\/18597"}],"wp:attachment":[{"href":"https:\/\/haberbesiktas.tr\/index.php?rest_route=%2Fwp%2Fv2%2Fmedia&parent=18596"}],"wp:term":[{"taxonomy":"category","embeddable":true,"href":"https:\/\/haberbesiktas.tr\/index.php?rest_route=%2Fwp%2Fv2%2Fcategories&post=18596"},{"taxonomy":"post_tag","embeddable":true,"href":"https:\/\/haberbesiktas.tr\/index.php?rest_route=%2Fwp%2Fv2%2Ftags&post=18596"}],"curies":[{"name":"wp","href":"https:\/\/api.w.org\/{rel}","templated":true}]}}