{"id":18599,"date":"2025-04-12T07:12:07","date_gmt":"2025-04-12T07:12:07","guid":{"rendered":"https:\/\/haberbesiktas.tr\/?p=18599"},"modified":"2025-04-12T07:12:07","modified_gmt":"2025-04-12T07:12:07","slug":"trabzonsporun-besiktas-kadrosunda-surpriz","status":"publish","type":"post","link":"https:\/\/haberbesiktas.tr\/?p=18599","title":{"rendered":"Trabzonspor&#8217;un Be\u015fikta\u015f kadrosunda s\u00fcrpriz!"},"content":{"rendered":"<div>S\u00fcper Lig&#8217;de Be\u015fikta\u015f ile kar\u015f\u0131 kar\u015f\u0131ya gelecek Trabzonspor, bu ma\u00e7\u0131n kamp tak\u0131m\u0131n\u0131 a\u00e7\u0131klad\u0131.<\/p>\n<p> Trabzonspor&#8217;da Anthony Nwakaeme&#8217;nin tak\u0131mda yer almas\u0131 dikkat \u00e7ekti. Bordo-mavililer, hafta i\u00e7inde Nwakaeme i\u00e7in sakatl\u0131k a\u00e7\u0131klamas\u0131 yapm\u0131\u015ft\u0131. Trabzonspor&#8217;un \u00e7ar\u015famba g\u00fcn\u00fc yapt\u0131\u011f\u0131 a\u00e7\u0131klamas\u0131nda,<strong> &#8220;Anthony Nwakaeme&#8217;nin yap\u0131lan muayene ve MR g\u00f6r\u00fcnt\u00fclemesi sonucunda sa\u011f bacak alt art adalesinde yaralanma tespit edilmi\u015ftir. Oyuncumuzun tedavisine s\u0131hhat grubumuzca ba\u015flan\u0131lm\u0131\u015ft\u0131r.&#8221;<\/strong> denilmi\u015fti.<\/p>\n<p> Trabzonspor&#8217;da yeni transfer Tim Jabol-Folcarelli de Be\u015fikta\u015f ma\u00e7\u0131n\u0131n kamp tak\u0131m\u0131nda yer ald\u0131.<\/p>\n<p><strong>Trabzonspor&#8217;un kamp tak\u0131m\u0131 \u015fu bi\u00e7imde:<\/strong><\/p>\n<p><img decoding=\"async\" src=\"https:\/\/haberbesiktas.tr\/wp-content\/uploads\/2025\/04\/trabzonsporun-besiktas-kadrosunda-surpriz-0-wQqSfhGa.jpg\"\/><\/p>\n<\/div>\n<p><\/p>\n","protected":false},"excerpt":{"rendered":"<p>Trabzonspor, Be\u015fikta\u015f ile oynayaca\u011f\u0131 ma\u00e7\u0131n kamp tak\u0131m\u0131n\u0131 a\u00e7\u0131klad\u0131. Bordo-mavililerin tak\u0131m\u0131nda hafta i\u00e7inde sakatl\u0131k a\u00e7\u0131klamas\u0131 yap\u0131lan Anthony Nwakaeme&#8217;nin de yer almas\u0131 dikkat \u00e7ekti.<\/p>\n","protected":false},"author":1,"featured_media":18600,"comment_status":"open","ping_status":"open","sticky":false,"template":"","format":"standard","meta":{"footnotes":""},"categories":[25],"tags":[],"class_list":["post-18599","post","type-post","status-publish","format-standard","has-post-thumbnail","hentry","category-futbol"],"_links":{"self":[{"href":"https:\/\/haberbesiktas.tr\/index.php?rest_route=\/wp\/v2\/posts\/18599","targetHints":{"allow":["GET"]}}],"collection":[{"href":"https:\/\/haberbesiktas.tr\/index.php?rest_route=\/wp\/v2\/posts"}],"about":[{"href":"https:\/\/haberbesiktas.tr\/index.php?rest_route=\/wp\/v2\/types\/post"}],"author":[{"embeddable":true,"href":"https:\/\/haberbesiktas.tr\/index.php?rest_route=\/wp\/v2\/users\/1"}],"replies":[{"embeddable":true,"href":"https:\/\/haberbesiktas.tr\/index.php?rest_route=%2Fwp%2Fv2%2Fcomments&post=18599"}],"version-history":[{"count":1,"href":"https:\/\/haberbesiktas.tr\/index.php?rest_route=\/wp\/v2\/posts\/18599\/revisions"}],"predecessor-version":[{"id":18602,"href":"https:\/\/haberbesiktas.tr\/index.php?rest_route=\/wp\/v2\/posts\/18599\/revisions\/18602"}],"wp:featuredmedia":[{"embeddable":true,"href":"https:\/\/haberbesiktas.tr\/index.php?rest_route=\/wp\/v2\/media\/18600"}],"wp:attachment":[{"href":"https:\/\/haberbesiktas.tr\/index.php?rest_route=%2Fwp%2Fv2%2Fmedia&parent=18599"}],"wp:term":[{"taxonomy":"category","embeddable":true,"href":"https:\/\/haberbesiktas.tr\/index.php?rest_route=%2Fwp%2Fv2%2Fcategories&post=18599"},{"taxonomy":"post_tag","embeddable":true,"href":"https:\/\/haberbesiktas.tr\/index.php?rest_route=%2Fwp%2Fv2%2Ftags&post=18599"}],"curies":[{"name":"wp","href":"https:\/\/api.w.org\/{rel}","templated":true}]}}