{"id":18659,"date":"2025-04-12T11:00:35","date_gmt":"2025-04-12T11:00:35","guid":{"rendered":"https:\/\/haberbesiktas.tr\/?p=18659"},"modified":"2025-04-12T11:00:35","modified_gmt":"2025-04-12T11:00:35","slug":"kaan-ayhan-elestirilere-kulak-verecegiz","status":"publish","type":"post","link":"https:\/\/haberbesiktas.tr\/?p=18659","title":{"rendered":"Kaan Ayhan: &#8220;Ele\u015ftirilere kulak verece\u011fiz&#8221;"},"content":{"rendered":"<div>Galatasaray&#8217;da AZ Alkmaar ma\u00e7\u0131nda g\u00f6rd\u00fc\u011f\u00fc k\u0131rm\u0131z\u0131 kart sebebiyle ele\u015ftirilen Kaan Ayhan payla\u015f\u0131mda bulundu.<\/p>\n<p>Ele\u015ftirilere kulak verece\u011fini s\u00f6yleyen Kaan Ayhan, <strong>&#8220;<\/strong><span><strong>Galatasaray formas\u0131n\u0131 ta\u015f\u0131mak, yaln\u0131zca alanda olmak de\u011fil; b\u00fcy\u00fck bir sorumlulu\u011fu, tarihi ve inanc\u0131 omuzlamakt\u0131r. Ba\u015far\u0131l\u0131 anlarda kendini \u00f6n plana atan, aksiliklerde sessiz kalan biri olmay\u0131 hi\u00e7bir vakit se\u00e7medim. Ve bu y\u00fczden s\u00f6ylemek isterim ki bana ve grup arkada\u015flar\u0131ma yap\u0131lan tenkitlere kulak verip daha g\u00fc\u00e7l\u00fc bir grup olaca\u011f\u0131z. Ama\u00e7lar\u0131m\u0131za daima birlikte ula\u015faca\u011f\u0131z.&#8221;<\/strong> tabirlerini kulland\u0131.<\/p>\n<p><img decoding=\"async\" src=\"https:\/\/haberbesiktas.tr\/wp-content\/uploads\/2025\/04\/kaan-ayhan-elestirilere-kulak-verecegiz-0-RuTE6XRb.jpg\"\/><\/p>\n<p><strong>NE OLMU\u015eTU?<\/strong><\/p>\n<p>Galatasaray&#8217;\u0131n AZ Alkmaar ile oynad\u0131\u011f\u0131 ma\u00e7ta skor 2-1 AZ Alkmaar lehineyken Galatasarayl\u0131 Kaan Ayhan ikinci devrede k\u0131rm\u0131z\u0131 kart g\u00f6rerek kadrosunu 10 ki\u015fi b\u0131rakm\u0131\u015ft\u0131.<\/p>\n<p>Ma\u00e7\u0131n ilerleyen k\u0131sm\u0131nda AZ&#8217;nin gollerine mani olamayan Galatasaray, alandan 4-1 yenik ayr\u0131lm\u0131\u015ft\u0131.<\/p>\n<p><img decoding=\"async\" src=\"https:\/\/haberbesiktas.tr\/wp-content\/uploads\/2025\/04\/kaan-ayhan-elestirilere-kulak-verecegiz-1-GjZw6bFi.jpg\"\/><br \/><\/span><\/div>\n<p><\/p>\n","protected":false},"excerpt":{"rendered":"<p>Galatasaray&#8217;da AZ Alkmaar ma\u00e7\u0131nda g\u00f6rd\u00fc\u011f\u00fc k\u0131rm\u0131z\u0131 kart sebebiyle ele\u015ftirilen Kaan Ayhan payla\u015f\u0131mda bulundu.<\/p>\n","protected":false},"author":1,"featured_media":18660,"comment_status":"open","ping_status":"open","sticky":false,"template":"","format":"standard","meta":{"footnotes":""},"categories":[25],"tags":[],"class_list":["post-18659","post","type-post","status-publish","format-standard","has-post-thumbnail","hentry","category-futbol"],"_links":{"self":[{"href":"https:\/\/haberbesiktas.tr\/index.php?rest_route=\/wp\/v2\/posts\/18659","targetHints":{"allow":["GET"]}}],"collection":[{"href":"https:\/\/haberbesiktas.tr\/index.php?rest_route=\/wp\/v2\/posts"}],"about":[{"href":"https:\/\/haberbesiktas.tr\/index.php?rest_route=\/wp\/v2\/types\/post"}],"author":[{"embeddable":true,"href":"https:\/\/haberbesiktas.tr\/index.php?rest_route=\/wp\/v2\/users\/1"}],"replies":[{"embeddable":true,"href":"https:\/\/haberbesiktas.tr\/index.php?rest_route=%2Fwp%2Fv2%2Fcomments&post=18659"}],"version-history":[{"count":1,"href":"https:\/\/haberbesiktas.tr\/index.php?rest_route=\/wp\/v2\/posts\/18659\/revisions"}],"predecessor-version":[{"id":18663,"href":"https:\/\/haberbesiktas.tr\/index.php?rest_route=\/wp\/v2\/posts\/18659\/revisions\/18663"}],"wp:featuredmedia":[{"embeddable":true,"href":"https:\/\/haberbesiktas.tr\/index.php?rest_route=\/wp\/v2\/media\/18660"}],"wp:attachment":[{"href":"https:\/\/haberbesiktas.tr\/index.php?rest_route=%2Fwp%2Fv2%2Fmedia&parent=18659"}],"wp:term":[{"taxonomy":"category","embeddable":true,"href":"https:\/\/haberbesiktas.tr\/index.php?rest_route=%2Fwp%2Fv2%2Fcategories&post=18659"},{"taxonomy":"post_tag","embeddable":true,"href":"https:\/\/haberbesiktas.tr\/index.php?rest_route=%2Fwp%2Fv2%2Ftags&post=18659"}],"curies":[{"name":"wp","href":"https:\/\/api.w.org\/{rel}","templated":true}]}}